{"id":27245,"date":"2026-08-06T18:10:54","date_gmt":"2026-08-06T16:10:54","guid":{"rendered":"https:\/\/www.other-news.info\/noticias\/?p=27245"},"modified":"2026-08-06T18:14:07","modified_gmt":"2026-08-06T16:14:07","slug":"la-haya-justicia-para-debiles-impunidad-para-poderosos","status":"publish","type":"post","link":"https:\/\/www.other-news.info\/noticias\/la-haya-justicia-para-debiles-impunidad-para-poderosos\/","title":{"rendered":"La Haya: justicia para d\u00e9biles, impunidad para poderosos"},"content":{"rendered":"\n<p class=\"wp-block-paragraph\"><strong>Por Juan Alberto S\u00e1nchez Mar\u00edn* &#8211; dXmedio<\/strong><\/p>\n\n\n\n<p class=\"wp-block-paragraph\"><em>En La Haya: justicia para d\u00e9biles es la norma. La impunidad para poderosos, tambi\u00e9n. An\u00e1lisis cr\u00edtico del doble rasero internacional.<\/em><\/p>\n\n\n\n<p class=\"wp-block-paragraph\">A 28 a\u00f1os de la adopci\u00f3n del Estatuto de Roma, el balance de la justicia internacional es controvertido. La Corte Penal Internacional y la Corte Internacional de Justicia, aunque con naturalezas jur\u00eddicas distintas, comparten un mismo vector de poder: el doble rasero. Mientras los l\u00edderes africanos y del Sur Global han sido el blanco habitual de sus investigaciones, Washington y Londres han blindado su propia impunidad mediante vetos, leyes de excepci\u00f3n y sanciones. Este art\u00edculo examina los mecanismos de ese desequilibrio y la creciente rebeli\u00f3n legal desde la periferia.<\/p>\n\n\n\n<p class=\"wp-block-paragraph\"><strong>El doble rasero de La Haya: justicia para d\u00e9biles, impunidad para poderosos<\/strong><\/p>\n\n\n\n<p class=\"wp-block-paragraph\">Cuando se habla de La Haya, la justicia para d\u00e9biles y la impunidad para poderosos son dos caras de una misma moneda. Dos referentes aparecen con frecuencia: la Corte Internacional de Justicia (CIJ) y la Corte Penal Internacional (CPI). Aunque comparten sede y cierto prestigio medi\u00e1tico, sus naturalezas jur\u00eddicas y funciones son muy distintas.<\/p>\n\n\n\n<p class=\"wp-block-paragraph\">Lo que ambas tienen en com\u00fan es que han operado, en los hechos, lejos de los ideales de universalidad e imparcialidad que proclaman. Han operado como engranajes de un sistema internacional asim\u00e9trico, en el que las potencias occidentales han utilizado el derecho internacional seg\u00fan sus propios intereses, mientras mantienen una impunidad estructural sobre sus acciones.<\/p>\n\n\n\n<p class=\"wp-block-paragraph\">Tanto la CIJ como la CPI, lejos de ser instrumentos de justicia global, han sido utilizadas como mecanismos de presi\u00f3n y disciplinamiento sobre el Sur Global, perpetuando din\u00e1micas neocoloniales. No obstante, el escenario geopol\u00edtico actual, marcado por el ascenso de potencias revisionistas y una \u00abrebeli\u00f3n legal\u00bb desde la periferia, est\u00e1 desafiando esta arquitectura, revelando sus contradicciones y abriendo posibilidades para su transformaci\u00f3n.<\/p>\n\n\n\n<p class=\"wp-block-paragraph\"><strong>El \u00ablawfare\u00bb global y la ilusi\u00f3n de la justicia universal<\/strong><\/p>\n\n\n\n<p class=\"wp-block-paragraph\">En 2026 se cumplen 28 a\u00f1os de la adopci\u00f3n del <a href=\"http:\/\/www.apple.com\/la\">Estatuto de Roma<\/a>, el tratado fundacional de la CPI. Las conmemoraciones oficiales suelen exaltar este hito como un avance civilizatorio, pero el balance de las tres d\u00e9cadas es, como m\u00ednimo, controvertido.<\/p>\n\n\n\n<p class=\"wp-block-paragraph\">Desde el fin de la Guerra Fr\u00eda, las potencias occidentales promueven un \u00aborden basado en reglas\u00bb que, en teor\u00eda, debe regir las relaciones internacionales. En la cima de ese orden se encuentran la CIJ y la CPI, presentadas por los grandes medios como garantes de la justicia global.&nbsp;<\/p>\n\n\n\n<p class=\"wp-block-paragraph\">Pero un examen m\u00e1s detenido revela que dichas reglas no se aplican de manera sim\u00e9trica: mientras los l\u00edderes del Sur Global son procesados con relativa facilidad, los responsables de cr\u00edmenes de guerra en <a href=\"https:\/\/www.dxmedio.com\/tag\/eeuu\/\">Estados Unidos<\/a>, Reino Unido o sus aliados estrat\u00e9gicos rara vez enfrentan consecuencias jur\u00eddicas.<\/p>\n\n\n\n<p class=\"wp-block-paragraph\">En la actualidad, el mundo atraviesa un escenario geopol\u00edtico in\u00e9dito. Pa\u00edses del Sur Global han comenzado a recurrir a los tribunales de La Haya para exigir rendici\u00f3n de cuentas a las potencias occidentales, en especial por su papel en conflictos como Gaza. Sin embargo, este leg\u00edtimo intento de democratizar la justicia internacional choca con un dise\u00f1o institucional que, desde su origen, incluy\u00f3 mecanismos para proteger a los poderosos.<\/p>\n\n\n\n<p class=\"wp-block-paragraph\"><strong>G\u00e9nesis y dise\u00f1o de la CPI: entre la universalidad y el control<\/strong><\/p>\n\n\n\n<p class=\"wp-block-paragraph\">Para comprender la naturaleza de la CPI, conviene analizar el contexto de su creaci\u00f3n. El Estatuto de Roma de 1998 fue producto de un momento hist\u00f3rico concreto: la d\u00e9cada posterior a la ca\u00edda de la Uni\u00f3n Sovi\u00e9tica, cuando Estados Unidos y sus aliados europeos gozaban de una hegemon\u00eda sin precedentes.<\/p>\n\n\n\n<p class=\"wp-block-paragraph\">No es coincidencia que los principales impulsores del tribunal estuvieran vinculados a c\u00edrculos liberales de la administraci\u00f3n Clinton y a \u00e9lites europeas que ve\u00edan en la CPI un instrumento para institucionalizar un nuevo orden internacional, bajo el manto de la \u00abintervenci\u00f3n humanitaria\u00bb y los derechos humanos.<\/p>\n\n\n\n<p class=\"wp-block-paragraph\">Desde esta perspectiva, la CPI exig\u00eda a los Estados firmantes una cesi\u00f3n de soberan\u00eda jurisdiccional: transferir a un tribunal supranacional la capacidad de juzgar cr\u00edmenes de guerra, lesa humanidad y genocidio. En teor\u00eda, la cesi\u00f3n era universal. El dise\u00f1o del Estatuto de Roma incluy\u00f3 cl\u00e1usulas y mecanismos que garantizaban que las potencias occidentales pudieran evadir su jurisdicci\u00f3n o controlar sus decisiones.<\/p>\n\n\n\n<p class=\"wp-block-paragraph\">El propio Estatuto establece que la CPI solo puede juzgar a nacionales de Estados parte o por cr\u00edmenes cometidos en territorio de Estados parte, salvo indicaci\u00f3n del Consejo de Seguridad de la ONU.&nbsp;<\/p>\n\n\n\n<p class=\"wp-block-paragraph\">Este \u00faltimo punto es clave, ya que permite a los miembros permanentes del Consejo de Seguridad (entre ellos, Estados Unidos, Reino Unido y Francia) utilizar su poder de veto para bloquear cualquier remisi\u00f3n o decisi\u00f3n que pueda afectarles. As\u00ed, la CPI no es un tribunal universal en sentido estricto, sino un organismo de jurisdicci\u00f3n restringida y fuertemente politizado.<\/p>\n\n\n\n<p class=\"wp-block-paragraph\">A diferencia de la CIJ, que es un \u00f3rgano estatutario de las Naciones Unidas con un estatus jur\u00eddico indiscutible, la CPI sigue siendo una estructura cuasi-institucional. No es un \u00f3rgano de la ONU, aunque coopera con ella.&nbsp;<\/p>\n\n\n\n<p class=\"wp-block-paragraph\">Su estatus en el derecho internacional p\u00fablico sigue siendo objeto de controversia, especialmente frente a Estados no firmantes como Estados Unidos, China, Rusia, India, Israel o Turqu\u00eda. Esta precariedad no es casual, sino un rasgo de dise\u00f1o: permite a las potencias occidentales invocar la \u2018jurisdicci\u00f3n universal\u2019 de la Corte cuando les conviene, pero desconocerla cuando se vuelve inc\u00f3moda.<\/p>\n\n\n\n<p class=\"wp-block-paragraph\"><strong>La excepci\u00f3n angloamericana y la institucionalizaci\u00f3n de la impunidad<\/strong><\/p>\n\n\n\n<p class=\"wp-block-paragraph\">Un principio b\u00e1sico del derecho comparado sostiene que la verdadera naturaleza de un sistema de justicia se revela en c\u00f3mo trata a los poderosos, no a los d\u00e9biles. En el caso de la CPI, el doble rasero no es un accidente, sino una caracter\u00edstica estructural.<\/p>\n\n\n\n<p class=\"wp-block-paragraph\">El caso brit\u00e1nico: La posici\u00f3n del Reino Unido ha sido particularmente reveladora. En 1998, el entonces Secretario de Asuntos Exteriores brit\u00e1nico, Robin Cook, declar\u00f3 p\u00fablicamente: \u00abSi me permiten decirlo, este no es un tribunal creado para llevar ante la justicia a los primeros ministros del Reino Unido o a los presidentes de Estados Unidos\u00bb.&nbsp;<\/p>\n\n\n\n<p class=\"wp-block-paragraph\">Esta afirmaci\u00f3n, lejos de ser un desliz, reflejaba la convicci\u00f3n de que la CPI era un instrumento para juzgar a \u00abotros\u00bb, no a los miembros del n\u00facleo occidental. El Reino Unido ratific\u00f3 el Estatuto en 2001, pero lo hizo con legislaci\u00f3n de implementaci\u00f3n que limita la cooperaci\u00f3n con la Corte y garantiza que ning\u00fan ciudadano brit\u00e1nico pueda ser entregado sin el consentimiento del gobierno.<\/p>\n\n\n\n<p class=\"wp-block-paragraph\">El caso estadounidense: La postura de Estados Unidos ha sido a\u00fan m\u00e1s expl\u00edcita. La administraci\u00f3n Clinton firm\u00f3 el Estatuto en 2000, pero dos a\u00f1os despu\u00e9s, bajo el gobierno de George W. Bush, Washington retir\u00f3 su firma. La raz\u00f3n era clara: el nuevo siglo estar\u00eda marcado por intervenciones militares unilaterales (Afganist\u00e1n, Irak, y m\u00e1s tarde Libia y Siria), y someter a sus tropas y l\u00edderes pol\u00edticos al escrutinio de La Haya era pol\u00edticamente inaceptable.<\/p>\n\n\n\n<p class=\"wp-block-paragraph\">En 2002, el Congreso estadounidense aprob\u00f3 la <a href=\"https:\/\/www.govinfo.gov\/app\/details\/PLAW-107publ206\">American Service-Members\u2019 Protection Act <\/a>(ASPA), conocida coloquialmente como la \u00abLey de Invasi\u00f3n de La Haya\u00bb. La ley proh\u00edbe a cualquier agencia del gobierno estadounidense cooperar con la CPI y autoriza al presidente a utilizar \u00abtodos los medios necesarios y apropiados\u00bb, incluyendo la fuerza militar, para liberar a cualquier ciudadano estadounidense o de pa\u00edses aliados detenido por orden de la Corte.&nbsp;<\/p>\n\n\n\n<p class=\"wp-block-paragraph\">La ASPA nunca se ha aplicado, pero su mera existencia constituye una amenaza expl\u00edcita a la autoridad del tribunal y evidencia la excepcionalidad que Estados Unidos se atribuye en el sistema internacional.<\/p>\n\n\n\n<p class=\"wp-block-paragraph\"><strong>La CIJ: el atrapamiento institucional y el veto<\/strong><\/p>\n\n\n\n<p class=\"wp-block-paragraph\">Es indispensable distinguir entre la CPI y la CIJ para descifrar el entramado de la justicia internacional. La Corte Internacional de Justicia es el principal \u00f3rgano judicial de las Naciones Unidas. Su estatus jur\u00eddico deriva directamente de la <a href=\"https:\/\/www.un.org\/es\/about-us\/un-charter\">Carta de la ONU<\/a> y tiene competencia para dirimir disputas entre Estados y emitir opiniones consultivas. Su legitimidad formal es, por tanto, mayor que la de la CPI.<\/p>\n\n\n\n<p class=\"wp-block-paragraph\">Sin embargo, su dise\u00f1o incluye una trampa estructural. Cuando un Estado se niega a cumplir un fallo de la CIJ, la \u00fanica v\u00eda para hacerlo efectivo es recurrir al Consejo de Seguridad de la ONU. All\u00ed, Estados Unidos, Reino Unido, Francia, Rusia y China (los cinco miembros permanentes) pueden vetar cualquier medida coercitiva.&nbsp;<\/p>\n\n\n\n<p class=\"wp-block-paragraph\">Las potencias de la OTAN han hecho un uso de conveniencia del mecanismo. Estos Estados han construido su legitimidad internacional sobre la pretensi\u00f3n de encarnar y hacer cumplir un \u201corden basado en reglas\u201d universal e imparcial. Es la brecha entre el discurso y la praxis \u2014no el mero hecho de disponer de un veto\u2014 donde reside el doble rasero.<\/p>\n\n\n\n<p class=\"wp-block-paragraph\">El caso m\u00e1s emblem\u00e1tico es el <a href=\"https:\/\/www.icj-cij.org\/case\/70\">fallo de 1986 en el caso Nicaragua contra Estados Unidos<\/a>. La CIJ conden\u00f3 a Washington por violar el derecho internacional al apoyar a los grupos paramilitares Contras y minar los puertos nicarag\u00fcenses, ordenando el pago de reparaciones.&nbsp;<\/p>\n\n\n\n<p class=\"wp-block-paragraph\">Estados Unidos desconoci\u00f3 la jurisdicci\u00f3n de la Corte, bloque\u00f3 la aplicaci\u00f3n del fallo en el Consejo de Seguridad y jam\u00e1s pag\u00f3 las indemnizaciones. Este precedente demuestra que la CIJ, m\u00e1s all\u00e1 de su alta legitimidad te\u00f3rica, opera dentro de los l\u00edmites que el poder duro de Washington y Londres le permite.<\/p>\n\n\n\n<p class=\"wp-block-paragraph\">La CIJ se presenta como un foro de igualdad formal; en la pr\u00e1ctica, solo puede arbitrar disputas perif\u00e9ricas y se vuelve inoperante cuando afecta los intereses estrat\u00e9gicos del bloque anglosaj\u00f3n.<\/p>\n\n\n\n<p class=\"wp-block-paragraph\"><strong>Geopol\u00edtica, neocolonialismo y el poder del Norte Global<\/strong><\/p>\n\n\n\n<p class=\"wp-block-paragraph\">La utilidad geopol\u00edtica de estos tribunales radica en su capacidad para extender la influencia pol\u00edtica de Washington y Londres, ejerciendo presi\u00f3n coercitiva sobre terceros pa\u00edses.<\/p>\n\n\n\n<p class=\"wp-block-paragraph\">Durante sus primeras dos d\u00e9cadas, la CPI centr\u00f3 la abrumadora mayor\u00eda de sus investigaciones y \u00f3rdenes de arresto en l\u00edderes africanos y de otras naciones del Sur Global. Esta focalizaci\u00f3n motiv\u00f3 a la Uni\u00f3n Africana a denunciar en 2013 que la Corte se hab\u00eda convertido en una instituci\u00f3n de \u00abcaza de razas\u00bb y un instrumento neoimperial.<\/p>\n\n\n\n<p class=\"wp-block-paragraph\">Defensores de la Corte replican que buena parte de esas causas \u2014cuatro de las ocho situaciones investigadas en \u00c1frica\u2014 fueron remitidas por los propios gobiernos africanos, no impuestas desde fuera.<\/p>\n\n\n\n<p class=\"wp-block-paragraph\">El argumento es formalmente correcto, pero no resuelve la asimetr\u00eda de fondo: explica c\u00f3mo llegaron esos casos al expediente de la Corte, no por qu\u00e9, en casi tres d\u00e9cadas, ning\u00fan mecanismo \u2014remisi\u00f3n del Consejo de Seguridad, jurisdicci\u00f3n proprio motu o presi\u00f3n diplom\u00e1tica\u2014 ha logrado sentar en el banquillo a un responsable occidental.<\/p>\n\n\n\n<p class=\"wp-block-paragraph\">La autorreferencia africana muestra, en todo caso, que los propios gobiernos del Sur Global han sabido instrumentalizar la CPI contra sus rivales internos; no que el tribunal haya perseguido con el mismo celo a las potencias que dise\u00f1aron su andamiaje.<\/p>\n\n\n\n<p class=\"wp-block-paragraph\">Este patr\u00f3n, a primera vista, ha comenzado a modificarse. La CPI abri\u00f3 en 2020 una investigaci\u00f3n sobre Afganist\u00e1n que inclu\u00eda a personal militar de Estados Unidos y la OTAN, pero la Fiscal\u00eda desprioriz\u00f3 esa l\u00ednea de investigaci\u00f3n para concentrarse en los talibanes y el Estado Isl\u00e1mico, una decisi\u00f3n que varias ONG de derechos humanos cuestionaron como una cesi\u00f3n a la presi\u00f3n de Washington.<\/p>\n\n\n\n<p class=\"wp-block-paragraph\">M\u00e1s recientemente, en mayo de 2024, el fiscal Karim Khan solicit\u00f3 \u00f3rdenes de arresto contra el primer ministro israel\u00ed Benjamin Netanyahu y su entonces ministro de Defensa, Yoav Gallant, por cr\u00edmenes de guerra y lesa humanidad en Gaza.<\/p>\n\n\n\n<p class=\"wp-block-paragraph\">Pero lejos de indicar un giro estructural, tales acciones han provocado la reacci\u00f3n m\u00e1s feroz del bloque hegem\u00f3nico. Desde febrero de 2025, Estados Unidos impuso sanciones ejecutivas contra la CPI y su fiscal jefe, ampliadas despu\u00e9s a m\u00e1s jueces del tribunal.<\/p>\n\n\n\n<p class=\"wp-block-paragraph\">Lo que estos episodios revelan no es un cambio de patr\u00f3n, sino su confirmaci\u00f3n: cuando la Corte intenta tocar a los poderosos o a sus aliados, el sistema de poder occidental activa sus mecanismos de disuasi\u00f3n y castigo. La CPI puede actuar, pero solo mientras no traspase las l\u00edneas rojas del imperio.<\/p>\n\n\n\n<p class=\"wp-block-paragraph\">Una objeci\u00f3n recurrente ante esta cr\u00edtica es que parece coincidir con los ataques que Trump o Netanyahu han dirigido contra la Corte. Pero la diferencia es abismal. Ellos atacan la CPI porque les resulta inc\u00f3moda; su objetivo es debilitarla o destruirla para preservar su propia impunidad. La cr\u00edtica que aqu\u00ed se plantea es exactamente la contraria: no se pide que la CPI deje de actuar, sino que act\u00fae con ecuanimidad.<\/p>\n\n\n\n<p class=\"wp-block-paragraph\">El problema no es que la CPI juzgue a individuos como Netanyahu; el problema es que nunca ha juzgado a Bush, a Blair o a los responsables de Irak. No se trata de matar al mensajero, sino de exigir que entregue el mensaje a todos por igual.<\/p>\n\n\n\n<p class=\"wp-block-paragraph\">El orden jur\u00eddico internacional sirve a los intereses de los Estados del Norte Global \u2014la minor\u00eda de pa\u00edses que concentra la riqueza y el poder mundial\u2014 (las \u00e9lites de Norteam\u00e9rica y Europa occidental). Su funci\u00f3n es legitimar sanciones econ\u00f3micas, bloqueos y guerras h\u00edbridas bajo el eufemismo de \u00ablegalidad internacional\u00bb y \u00abdefensa de los derechos humanos\u00bb, mientras criminaliza a quienes, desde el Sur Global, buscan soberan\u00eda sobre sus recursos naturales o pol\u00edticas de desarrollo aut\u00f3nomas.<\/p>\n\n\n\n<p class=\"wp-block-paragraph\">El caso de Gaza es paradigm\u00e1tico: mientras Israel es procesado, Washington y Londres \u2014que han armado y respaldado pol\u00edticamente la ofensiva\u2014 permanecen al margen de cualquier responsabilidad jur\u00eddica.<\/p>\n\n\n\n<p class=\"wp-block-paragraph\"><strong>La necesidad de descolonizar la justicia global<\/strong><\/p>\n\n\n\n<p class=\"wp-block-paragraph\">Un examen riguroso de la CIJ y la CPI desmonta el mito de un derecho internacional neutral. Ambas instituciones, pese a sus diferencias org\u00e1nicas, est\u00e1n atravesadas por los mismos vectores de poder hegem\u00f3nico.&nbsp;<\/p>\n\n\n\n<p class=\"wp-block-paragraph\">La CIJ ofrece la fachada de un tribunal igualitario, pero el veto del Consejo de Seguridad asegura que el Norte Global nunca sufra consecuencias materiales; la CPI opera como un tribunal de competencia limitada, con capacidad coercitiva sobre los m\u00e1s d\u00e9biles, que ha empezado a enfrentar los l\u00edmites de su propia estructura cuando intenta juzgar a poderosos.<\/p>\n\n\n\n<p class=\"wp-block-paragraph\">Para las naciones que buscan construir un mundo multipolar, la sumisi\u00f3n a estas cortes representa una abdicaci\u00f3n de soberan\u00eda que debe ser revisada cr\u00edticamente. La superaci\u00f3n del sistema de dominaci\u00f3n impuesto por los c\u00edrculos de poder no solo requiere emancipaci\u00f3n econ\u00f3mica y tecnol\u00f3gica, sino tambi\u00e9n una profunda descolonizaci\u00f3n de la arquitectura judicial internacional.<\/p>\n\n\n\n<p class=\"wp-block-paragraph\">Una aut\u00e9ntica justicia global solo ser\u00e1 posible cuando los tribunales internacionales dejen de ser los \u00abjuzgados privados\u00bb de las potencias occidentales y comiencen a sancionar, sin distinciones, a los verdaderos responsables de cr\u00edmenes de guerra y saqueo neocolonial.<\/p>\n\n\n\n<p class=\"wp-block-paragraph\">El camino es largo, pero los recientes movimientos desde el Sur Global \u2014y las propias contradicciones del sistema\u2014 abren un espacio para esa transformaci\u00f3n. Mientras La Haya siga siendo sin\u00f3nimo de justicia para los d\u00e9biles, la justicia global ser\u00e1 una aspiraci\u00f3n incompleta.<\/p>\n\n\n\n<p class=\"wp-block-paragraph\"><strong>Referencias<\/strong><\/p>\n\n\n\n<p class=\"wp-block-paragraph\">Associated Press. (30 de mayo de 2013). <em>International court rejects AU \u2018race hunt\u2019 claims<\/em>. En: <a href=\"https:\/\/archive.mv\/en\/articles\/pVY0x\">https:\/\/archive.mv\/en\/articles\/pVY0x<\/a>&nbsp;<\/p>\n\n\n\n<p class=\"wp-block-paragraph\">Congreso de los Estados Unidos. (2002). <em>American Service-Members\u2019 Protection Act (ASPA). T\u00edtulo II de la Ley P\u00fablica 107-206, 116 Stat. 820, promulgada el 2 de agosto de 2002<\/em>. Base de datos legal del Comit\u00e9 Internacional de la Cruz Roja (CICR). En:&nbsp; <a href=\"https:\/\/www.govinfo.gov\/app\/details\/PLAW-107publ206\">https:\/\/www.govinfo.gov\/app\/details\/PLAW-107publ206<\/a><\/p>\n\n\n\n<p class=\"wp-block-paragraph\">Cook, R. (Ex Secretario de Asuntos Exteriores del Reino Unido). <em>Declaraci\u00f3n atribuida: \u00abIf I may say so, this is not a court set up to bring to book Prime Ministers of the United Kingdom or Presidents of the United States\u00bb<\/em>. La cita es ampliamente referenciada en la literatura sobre la CPI; v\u00e9ase, por ejemplo, Tufts University (2023) [1\u2020L7-L10].<\/p>\n\n\n\n<p class=\"wp-block-paragraph\">Corte Internacional de Justicia (CIJ). (27 de junio de 1986). <em>Caso relativo a las actividades militares y paramilitares en y contra Nicaragua (Nicaragua c. Estados Unidos de Am\u00e9rica)<\/em>. Fallo de fondo. En: <a href=\"https:\/\/www.icj-cij.org\/case\/70\">https:\/\/www.icj-cij.org\/case\/70<\/a>&nbsp;<\/p>\n\n\n\n<p class=\"wp-block-paragraph\">Naciones Unidas. (1945). <em>Carta de las Naciones Unidas. Cap\u00edtulo XIV: La Corte Internacional de Justicia (Art\u00edculos 92 al 96), y Cap\u00edtulo V: El Consejo de Seguridad (Art\u00edculo 27)<\/em>. En: <a href=\"https:\/\/www.un.org\/es\/about-us\/un-charter\">https:\/\/www.un.org\/es\/about-us\/un-charter<\/a>&nbsp;<\/p>\n\n\n\n<p class=\"wp-block-paragraph\">Naciones Unidas. (1998). <em>Estatuto de Roma de la Corte Penal Internacional. Adoptado el 17 de julio de 1998 por la Conferencia Diplom\u00e1tica de Plenipotenciarios de las Naciones Unidas<\/em>. En: <a href=\"https:\/\/www.un.org\/spanish\/law\/icc\/statute\/spanish\/rome_statute(s).pdf\">https:\/\/www.un.org\/spanish\/law\/icc\/statute\/spanish\/rome_statute(s).pdf<\/a>&nbsp;<\/p>\n\n\n\n<p class=\"wp-block-paragraph\"><em>*Periodista y director de cine y tv colombiano. Exconsultor N. U. en medios. Catedr\u00e1tico universitario. Productor de programas en HispanTV, RT, TeleSUR, Se\u00f1al Colombia. Analista internacional. Director dXmedio.<\/em><\/p>\n","protected":false},"excerpt":{"rendered":"<p>La Corte Penal Internacional y la Corte Internacional de Justicia en La Haya operan con un doble rasero que favorece a potencias occidentales mientras persigue l\u00edderes del Sur Global, seg\u00fan an\u00e1lisis cr\u00edtico que examina mecanismos de impunidad estructural y creciente resistencia legal desde la periferia.<\/p>\n","protected":false},"author":2,"featured_media":27246,"comment_status":"closed","ping_status":"open","sticky":false,"template":"","format":"standard","meta":{"footnotes":""},"categories":[282],"tags":[],"class_list":["post-27245","post","type-post","status-publish","format-standard","has-post-thumbnail","hentry","category-derechos-humanos"],"yoast_head":"<!-- This site is optimized with the Yoast SEO plugin v16.7 - https:\/\/yoast.com\/wordpress\/plugins\/seo\/ -->\n<title>La Haya: justicia para d\u00e9biles, impunidad para poderosos - Other News - Voz en contra de la corriente<\/title>\n<meta name=\"robots\" content=\"index, follow, max-snippet:-1, max-image-preview:large, max-video-preview:-1\" \/>\n<link rel=\"canonical\" href=\"https:\/\/www.other-news.info\/noticias\/la-haya-justicia-para-debiles-impunidad-para-poderosos\/\" \/>\n<meta property=\"og:locale\" content=\"es_ES\" \/>\n<meta property=\"og:type\" content=\"article\" \/>\n<meta property=\"og:title\" content=\"La Haya: justicia para d\u00e9biles, impunidad para poderosos - Other News - Voz en contra de la corriente\" \/>\n<meta property=\"og:description\" content=\"La Corte Penal Internacional y la Corte Internacional de Justicia en La Haya operan con un doble rasero que favorece a potencias occidentales mientras persigue l\u00edderes del Sur Global, seg\u00fan an\u00e1lisis cr\u00edtico que examina mecanismos de impunidad estructural y creciente resistencia legal desde la periferia.\" \/>\n<meta property=\"og:url\" content=\"https:\/\/www.other-news.info\/noticias\/la-haya-justicia-para-debiles-impunidad-para-poderosos\/\" \/>\n<meta property=\"og:site_name\" content=\"Other News - Voz en contra de la corriente\" \/>\n<meta property=\"article:published_time\" content=\"2026-08-06T16:10:54+00:00\" \/>\n<meta property=\"article:modified_time\" content=\"2026-08-06T16:14:07+00:00\" \/>\n<meta property=\"og:image\" content=\"https:\/\/www.other-news.info\/noticias\/wp-content\/uploads\/2026\/08\/International_Court_of_Justice_HQ_2006.jpg\" \/>\n\t<meta property=\"og:image:width\" content=\"1600\" \/>\n\t<meta property=\"og:image:height\" content=\"1194\" \/>\n<meta name=\"twitter:card\" content=\"summary_large_image\" \/>\n<meta name=\"twitter:label1\" content=\"Escrito por\" \/>\n\t<meta name=\"twitter:data1\" content=\"admin\" \/>\n\t<meta name=\"twitter:label2\" content=\"Tiempo de lectura\" \/>\n\t<meta name=\"twitter:data2\" content=\"14 minutos\" \/>\n<script type=\"application\/ld+json\" class=\"yoast-schema-graph\">{\"@context\":\"https:\/\/schema.org\",\"@graph\":[{\"@type\":\"WebSite\",\"@id\":\"https:\/\/www.other-news.info\/noticias\/#website\",\"url\":\"https:\/\/www.other-news.info\/noticias\/\",\"name\":\"Other News - Voz en contra de la corriente\",\"description\":\"Voz en contra de la corriente\",\"potentialAction\":[{\"@type\":\"SearchAction\",\"target\":{\"@type\":\"EntryPoint\",\"urlTemplate\":\"https:\/\/www.other-news.info\/noticias\/?s={search_term_string}\"},\"query-input\":\"required name=search_term_string\"}],\"inLanguage\":\"es\"},{\"@type\":\"ImageObject\",\"@id\":\"https:\/\/www.other-news.info\/noticias\/la-haya-justicia-para-debiles-impunidad-para-poderosos\/#primaryimage\",\"inLanguage\":\"es\",\"url\":\"https:\/\/www.other-news.info\/noticias\/wp-content\/uploads\/2026\/08\/International_Court_of_Justice_HQ_2006.jpg\",\"contentUrl\":\"https:\/\/www.other-news.info\/noticias\/wp-content\/uploads\/2026\/08\/International_Court_of_Justice_HQ_2006.jpg\",\"width\":1600,\"height\":1194,\"caption\":\"International Court of Justice; originally uploaded by Yeu Ninje at en.wikipedia. \/ Wikimedia Commons (Public domain)\"},{\"@type\":\"WebPage\",\"@id\":\"https:\/\/www.other-news.info\/noticias\/la-haya-justicia-para-debiles-impunidad-para-poderosos\/#webpage\",\"url\":\"https:\/\/www.other-news.info\/noticias\/la-haya-justicia-para-debiles-impunidad-para-poderosos\/\",\"name\":\"La Haya: justicia para d\\u00e9biles, impunidad para poderosos - Other News - Voz en contra de la corriente\",\"isPartOf\":{\"@id\":\"https:\/\/www.other-news.info\/noticias\/#website\"},\"primaryImageOfPage\":{\"@id\":\"https:\/\/www.other-news.info\/noticias\/la-haya-justicia-para-debiles-impunidad-para-poderosos\/#primaryimage\"},\"datePublished\":\"2026-08-06T16:10:54+00:00\",\"dateModified\":\"2026-08-06T16:14:07+00:00\",\"author\":{\"@id\":\"https:\/\/www.other-news.info\/noticias\/#\/schema\/person\/dd0ead9df8654b02034c4da003b9991b\"},\"breadcrumb\":{\"@id\":\"https:\/\/www.other-news.info\/noticias\/la-haya-justicia-para-debiles-impunidad-para-poderosos\/#breadcrumb\"},\"inLanguage\":\"es\",\"potentialAction\":[{\"@type\":\"ReadAction\",\"target\":[\"https:\/\/www.other-news.info\/noticias\/la-haya-justicia-para-debiles-impunidad-para-poderosos\/\"]}]},{\"@type\":\"BreadcrumbList\",\"@id\":\"https:\/\/www.other-news.info\/noticias\/la-haya-justicia-para-debiles-impunidad-para-poderosos\/#breadcrumb\",\"itemListElement\":[{\"@type\":\"ListItem\",\"position\":1,\"name\":\"Home\",\"item\":\"https:\/\/www.other-news.info\/noticias\/\"},{\"@type\":\"ListItem\",\"position\":2,\"name\":\"La Haya: justicia para d\\u00e9biles, impunidad para poderosos\"}]},{\"@type\":\"Person\",\"@id\":\"https:\/\/www.other-news.info\/noticias\/#\/schema\/person\/dd0ead9df8654b02034c4da003b9991b\",\"name\":\"admin\",\"image\":{\"@type\":\"ImageObject\",\"@id\":\"https:\/\/www.other-news.info\/noticias\/#personlogo\",\"inLanguage\":\"es\",\"url\":\"https:\/\/secure.gravatar.com\/avatar\/e67344401a27ff9f91b2b48296aaa8fb9186ac51a3404ed4bdfbe790b6a9ee11?s=96&d=mm&r=g\",\"contentUrl\":\"https:\/\/secure.gravatar.com\/avatar\/e67344401a27ff9f91b2b48296aaa8fb9186ac51a3404ed4bdfbe790b6a9ee11?s=96&d=mm&r=g\",\"caption\":\"admin\"},\"url\":\"https:\/\/www.other-news.info\/noticias\/author\/admin\/\"}]}<\/script>\n<!-- \/ Yoast SEO plugin. -->","yoast_head_json":{"title":"La Haya: justicia para d\u00e9biles, impunidad para poderosos - Other News - Voz en contra de la corriente","robots":{"index":"index","follow":"follow","max-snippet":"max-snippet:-1","max-image-preview":"max-image-preview:large","max-video-preview":"max-video-preview:-1"},"canonical":"https:\/\/www.other-news.info\/noticias\/la-haya-justicia-para-debiles-impunidad-para-poderosos\/","og_locale":"es_ES","og_type":"article","og_title":"La Haya: justicia para d\u00e9biles, impunidad para poderosos - Other News - Voz en contra de la corriente","og_description":"La Corte Penal Internacional y la Corte Internacional de Justicia en La Haya operan con un doble rasero que favorece a potencias occidentales mientras persigue l\u00edderes del Sur Global, seg\u00fan an\u00e1lisis cr\u00edtico que examina mecanismos de impunidad estructural y creciente resistencia legal desde la periferia.","og_url":"https:\/\/www.other-news.info\/noticias\/la-haya-justicia-para-debiles-impunidad-para-poderosos\/","og_site_name":"Other News - Voz en contra de la corriente","article_published_time":"2026-08-06T16:10:54+00:00","article_modified_time":"2026-08-06T16:14:07+00:00","og_image":[{"width":1600,"height":1194,"filesize":304681,"url":"https:\/\/www.other-news.info\/noticias\/wp-content\/uploads\/2026\/08\/International_Court_of_Justice_HQ_2006.jpg","path":"\/home\/ancrabqe\/public_html\/noticias\/wp-content\/uploads\/2026\/08\/International_Court_of_Justice_HQ_2006.jpg","size":"full","id":27246,"alt":"","pixels":1910400,"type":"image\/jpeg"}],"twitter_card":"summary_large_image","twitter_misc":{"Escrito por":"admin","Tiempo de lectura":"14 minutos"},"schema":{"@context":"https:\/\/schema.org","@graph":[{"@type":"WebSite","@id":"https:\/\/www.other-news.info\/noticias\/#website","url":"https:\/\/www.other-news.info\/noticias\/","name":"Other News - Voz en contra de la corriente","description":"Voz en contra de la corriente","potentialAction":[{"@type":"SearchAction","target":{"@type":"EntryPoint","urlTemplate":"https:\/\/www.other-news.info\/noticias\/?s={search_term_string}"},"query-input":"required name=search_term_string"}],"inLanguage":"es"},{"@type":"ImageObject","@id":"https:\/\/www.other-news.info\/noticias\/la-haya-justicia-para-debiles-impunidad-para-poderosos\/#primaryimage","inLanguage":"es","url":"https:\/\/www.other-news.info\/noticias\/wp-content\/uploads\/2026\/08\/International_Court_of_Justice_HQ_2006.jpg","contentUrl":"https:\/\/www.other-news.info\/noticias\/wp-content\/uploads\/2026\/08\/International_Court_of_Justice_HQ_2006.jpg","width":1600,"height":1194,"caption":"International Court of Justice; originally uploaded by Yeu Ninje at en.wikipedia. \/ Wikimedia Commons (Public domain)"},{"@type":"WebPage","@id":"https:\/\/www.other-news.info\/noticias\/la-haya-justicia-para-debiles-impunidad-para-poderosos\/#webpage","url":"https:\/\/www.other-news.info\/noticias\/la-haya-justicia-para-debiles-impunidad-para-poderosos\/","name":"La Haya: justicia para d\u00e9biles, impunidad para poderosos - Other News - Voz en contra de la corriente","isPartOf":{"@id":"https:\/\/www.other-news.info\/noticias\/#website"},"primaryImageOfPage":{"@id":"https:\/\/www.other-news.info\/noticias\/la-haya-justicia-para-debiles-impunidad-para-poderosos\/#primaryimage"},"datePublished":"2026-08-06T16:10:54+00:00","dateModified":"2026-08-06T16:14:07+00:00","author":{"@id":"https:\/\/www.other-news.info\/noticias\/#\/schema\/person\/dd0ead9df8654b02034c4da003b9991b"},"breadcrumb":{"@id":"https:\/\/www.other-news.info\/noticias\/la-haya-justicia-para-debiles-impunidad-para-poderosos\/#breadcrumb"},"inLanguage":"es","potentialAction":[{"@type":"ReadAction","target":["https:\/\/www.other-news.info\/noticias\/la-haya-justicia-para-debiles-impunidad-para-poderosos\/"]}]},{"@type":"BreadcrumbList","@id":"https:\/\/www.other-news.info\/noticias\/la-haya-justicia-para-debiles-impunidad-para-poderosos\/#breadcrumb","itemListElement":[{"@type":"ListItem","position":1,"name":"Home","item":"https:\/\/www.other-news.info\/noticias\/"},{"@type":"ListItem","position":2,"name":"La Haya: justicia para d\u00e9biles, impunidad para poderosos"}]},{"@type":"Person","@id":"https:\/\/www.other-news.info\/noticias\/#\/schema\/person\/dd0ead9df8654b02034c4da003b9991b","name":"admin","image":{"@type":"ImageObject","@id":"https:\/\/www.other-news.info\/noticias\/#personlogo","inLanguage":"es","url":"https:\/\/secure.gravatar.com\/avatar\/e67344401a27ff9f91b2b48296aaa8fb9186ac51a3404ed4bdfbe790b6a9ee11?s=96&d=mm&r=g","contentUrl":"https:\/\/secure.gravatar.com\/avatar\/e67344401a27ff9f91b2b48296aaa8fb9186ac51a3404ed4bdfbe790b6a9ee11?s=96&d=mm&r=g","caption":"admin"},"url":"https:\/\/www.other-news.info\/noticias\/author\/admin\/"}]}},"_links":{"self":[{"href":"https:\/\/www.other-news.info\/noticias\/wp-json\/wp\/v2\/posts\/27245","targetHints":{"allow":["GET"]}}],"collection":[{"href":"https:\/\/www.other-news.info\/noticias\/wp-json\/wp\/v2\/posts"}],"about":[{"href":"https:\/\/www.other-news.info\/noticias\/wp-json\/wp\/v2\/types\/post"}],"author":[{"embeddable":true,"href":"https:\/\/www.other-news.info\/noticias\/wp-json\/wp\/v2\/users\/2"}],"replies":[{"embeddable":true,"href":"https:\/\/www.other-news.info\/noticias\/wp-json\/wp\/v2\/comments?post=27245"}],"version-history":[{"count":2,"href":"https:\/\/www.other-news.info\/noticias\/wp-json\/wp\/v2\/posts\/27245\/revisions"}],"predecessor-version":[{"id":27248,"href":"https:\/\/www.other-news.info\/noticias\/wp-json\/wp\/v2\/posts\/27245\/revisions\/27248"}],"wp:featuredmedia":[{"embeddable":true,"href":"https:\/\/www.other-news.info\/noticias\/wp-json\/wp\/v2\/media\/27246"}],"wp:attachment":[{"href":"https:\/\/www.other-news.info\/noticias\/wp-json\/wp\/v2\/media?parent=27245"}],"wp:term":[{"taxonomy":"category","embeddable":true,"href":"https:\/\/www.other-news.info\/noticias\/wp-json\/wp\/v2\/categories?post=27245"},{"taxonomy":"post_tag","embeddable":true,"href":"https:\/\/www.other-news.info\/noticias\/wp-json\/wp\/v2\/tags?post=27245"}],"curies":[{"name":"wp","href":"https:\/\/api.w.org\/{rel}","templated":true}]}}