{"id":27340,"date":"2026-08-12T17:02:33","date_gmt":"2026-08-12T15:02:33","guid":{"rendered":"https:\/\/www.other-news.info\/noticias\/?p=27340"},"modified":"2026-08-13T16:13:20","modified_gmt":"2026-08-13T14:13:20","slug":"ecuador-la-excepcion-transformada-en-dictadura","status":"publish","type":"post","link":"https:\/\/www.other-news.info\/noticias\/ecuador-la-excepcion-transformada-en-dictadura\/","title":{"rendered":"Ecuador, la excepci\u00f3n transformada en dictadura"},"content":{"rendered":"\n<p class=\"wp-block-paragraph\"><strong>Por Alberto Acosta* y Pascual Garc\u00eda Mac\u00edas** &#8211; Sin Permiso <\/strong><br><\/p>\n\n\n\n<p class=\"wp-block-paragraph\"><\/p>\n\n\n\n<p class=\"wp-block-paragraph\"><\/p>\n\n\n\n<p class=\"wp-block-paragraph\"><strong>Miedos, violencias, militarizaci\u00f3n y neoliberalismo bajo Daniel Noboa.<\/strong><\/p>\n\n\n\n<p class=\"wp-block-paragraph\"><em>\u201cLa arquitectura del poder absoluto no se anuncia. Se normaliza. Y cuando se consolida, el problema no es qui\u00e9n gobierna, sino que el Estado deja de servir a los ciudadanos para servir a quien gobierna. (\u2026) No se construye de un d\u00eda para el otro. Va de a poco, con peque\u00f1as acciones: disciplinar la palabra, alinear a la justicia, usar al Legislativo como escudo y lanza, controlar a los \u00e1rbitros del poder y manejar el poder electoral. Todo, con un engranaje final: una burocracia obsecuente y una sociedad indiferente.\u201d<\/em><\/p>\n\n\n\n<p class=\"wp-block-paragraph\">Mar\u00eda Sol Borja<\/p>\n\n\n\n<p class=\"wp-block-paragraph\">Periodista ecuatoriana [1]<\/p>\n\n\n\n<p class=\"wp-block-paragraph\"><\/p>\n\n\n\n<p class=\"wp-block-paragraph\">A pesar de que \u201cla met\u00e1fora de la rana hervida\u201d[2] no es aceptada como v\u00e1lida por los bi\u00f3logos, parecer\u00eda que s\u00ed sirve para comprender la incapacidad de los seres humanos de reaccionar ante amenazas graduales o cambios negativos cuando son pausados. Algo de eso parece suceder en Ecuador, con una sociedad paulatinamente habituada a la normalizaci\u00f3n de medidas excepcionales, tal como suceder\u00eda con una rana que no reacciona cuando se le introduce en una olla con agua fr\u00eda a la que se le calienta poco a poco. La lista de atropellos a la institucionalidad democr\u00e1tica, desatados por un gobierno representativo de la recomposici\u00f3n contempor\u00e1nea del bloque de poder olig\u00e1rquico, esta vez encabezado por Daniel Noboa, crece paulatinamente, pero de forma sostenida.&nbsp;<\/p>\n\n\n\n<p class=\"wp-block-paragraph\">Como punto de partida para el an\u00e1lisis, debe quedar absolutamente claro que Noboa interpreta y de alguna forma lidera un proyecto pol\u00edtico, en el que, de una u otra manera, est\u00e1n sintetizados los intereses de las nuevas y las viejas oligarqu\u00edas nacionales, en estrecha sinton\u00eda con los impulsos que provienen de los centros imperiales, particularmente del Washington de Donald Trump. Por lo tanto, no se pueden perder de vista los procesos en marcha en toda la regi\u00f3n, en la que se van alineando con esos intereses cada vez m\u00e1s gobiernos, como acaba de suceder en Colombia y Per\u00fa. Noboa no improvisa. Noboa tiene una hoja de ruta. Las decisiones adoptadas, m\u00e1s all\u00e1 de algunas contradicciones y enfrentamientos inter-olig\u00e1rquicos, muestran coherencia estrat\u00e9gica.<\/p>\n\n\n\n<p class=\"wp-block-paragraph\">Recurriendo a las siempre l\u00facidas palabras de Mario Unda[3], el r\u00e9gimen de Noboa puede caracterizarse como bonapartismo olig\u00e1rquico. Esta caracterizaci\u00f3n parte del bonapartismo de Carlos Marx (1852), que fuera posteriormente reelaborada por Nicos Poulantzas, para dar explicaci\u00f3n a las formas excepcionales de reorganizaci\u00f3n del Estado capitalista. A trav\u00e9s de una serie de golpes de mano, Noboa se sit\u00faa por encima del Estado y subordina funciones estatales que supuestamente deber\u00edan ser de control y aut\u00f3nomas respecto del Ejecutivo. En esta trabaz\u00f3n, signado por un creciente autoritarismo, hay que ubicar a Noboa en la propia clase de la que proviene, desde donde gobierna a trav\u00e9s del clientelismo, as\u00ed como de la persecuci\u00f3n y la represi\u00f3n. Y todo en un ambiente en el que predomina una suerte de democracia del tik-tok, como una de las tantas manifestaciones del capitalismo tecnofeudal en marcha.<\/p>\n\n\n\n<p class=\"wp-block-paragraph\">Los mecanismos privilegiados de este itinerario han sido, por un lado, el temor de buena parte de la sociedad, acorralada por la violencia del narcotr\u00e1fico; por otro lado, la construcci\u00f3n del \u201cbloque de seguridad\u201d para combatir la inseguridad, fraguando simult\u00e1neamente nuevos miedos, como verdadero eje del poder pol\u00edtico. Todo esto le otorga al proyecto pol\u00edtico que lidera -por lo pronto- Noboa la fuerza material y simb\u00f3lica suficiente como para construir una forma de poder dictatorial con fachada democr\u00e1tica.<\/p>\n\n\n\n<p class=\"wp-block-paragraph\"><strong>La progresiva configuraci\u00f3n de un r\u00e9gimen de excepci\u00f3n permanente<\/strong><\/p>\n\n\n\n<p class=\"wp-block-paragraph\">La necropol\u00edtica y la necroeconom\u00eda avanzan juntas, como dos caras de la misma moneda. Por un lado, se busca disciplinar a la sociedad y, por otro, se pretende neoliberalizar a\u00fan m\u00e1s la econom\u00eda; todo en clave de un proyecto de dominaci\u00f3n sintonizado con los impulsos desatados por tendencias de extrema derecha presentes en muchas partes del planeta. Y lo preocupante es que frente a la avalancha de medidas de corte totalitario no hay respuestas de rechazo vigorosas y masivas\u2026 a\u00fan.<\/p>\n\n\n\n<p class=\"wp-block-paragraph\">Aunque el Ecuador contempor\u00e1neo (todav\u00eda) no constituye un r\u00e9gimen totalitario en sentido hist\u00f3rico estricto, la ejecuci\u00f3n de estados de excepci\u00f3n sucesivos, la permanente narrativa del \u201cconflicto interno armado\u201d y la militarizaci\u00f3n del espacio civil, con un permanente y sistem\u00e1tico atropello al marco legal, configuran un proceso sostenido hacia la autocracia y concentraci\u00f3n extraordinaria del poder ejecutivo. Lo graves es que, cuando la suspensi\u00f3n de garant\u00edas deja de escandalizarnos y el miedo se internaliza como condici\u00f3n natural, el poder ya no necesita mostrarse en su forma m\u00e1s brutal: comienza a operar \u201cdesde dentro\u201d, a trav\u00e9s de la resignaci\u00f3n, la indiferencia y la desmovilizaci\u00f3n popular.<\/p>\n\n\n\n<p class=\"wp-block-paragraph\">En este entorno, el capitalismo, operando en su modo neoliberal extremo, forzando m\u00e1s y m\u00e1s los extractivismos, apuntalado en pr\u00e1cticas econ\u00f3micas liberalizadoras a la par que rentistas y en anquilosadas estructuras sociales olig\u00e1rquicas, consolida y profundiza en Ecuador formaciones desiguales y visiones conservadoras, con crecientes tendencias individualizantes y reaccionarias, que vigorizan incluso el patriarcado y la colonialidad. Esta realidad demanda un Estado cada vez m\u00e1s autoritario y violento, lo menos democr\u00e1tico posible. Y todo esto, a la postre, robustece tendencias a\u00fan m\u00e1s concentradoras del poder, de la riqueza y de la misma acumulaci\u00f3n de capital.<\/p>\n\n\n\n<p class=\"wp-block-paragraph\">Vivimos momentos en los que la institucionalidad democr\u00e1tica y el estado de derecho no se rompen de golpe, sino que se vac\u00edan lentamente. No desaparecen de inmediato las elecciones, se las reconfigura en una suerte de sainete para mantener el frontispicio de una democracia. Todo sigue funcionando, pero de manera diferente. La legalidad se vuelve un instrumento de suspensi\u00f3n de derechos; la seguridad se convierte en el lenguaje de dominaci\u00f3n del gobierno; la justicia se acomoda al poder; el miedo reemplaza al debate p\u00fablico; y, la ciudadan\u00eda aprende a vivir bajo restricciones que antes habr\u00edan parecido intolerables.<\/p>\n\n\n\n<p class=\"wp-block-paragraph\">El saldo de tanta violencia estatal se refleja en un creciente autoritarismo represivo, que ha desembocado en sistem\u00e1ticas violaciones de los Derechos Humanos, con una persecuci\u00f3n cada vez m\u00e1s aguda en contra de personas y organizaciones de la sociedad civil, que incluye acciones de brutalidad extrema: con detenciones ilegales, con desapariciones y ejecuciones extrajudiciales, con asesinato de quienes denuncian la corrupci\u00f3n, con bloqueo de cuentas bancarias, con acciones judiciales sustentadas en \u201cinformes reservados\u201d.<\/p>\n\n\n\n<p class=\"wp-block-paragraph\">Son varios los indicadores e informes internacionales que afirman que Ecuador atraviesa un deterioro democr\u00e1tico (Varieties of Democracy Institute, 2026; Freedom House, 2026; Corporaci\u00f3n Latinobar\u00f3metro, 2025). Hay incluso an\u00e1lisis que aseguran no solo que los homicidios contin\u00faan en niveles hist\u00f3ricamente altos, sino que se acumulan denuncias de actos violatorios de Derechos Humanos, en los que incluso est\u00e1n inmersos efectivos militares estadounidenses, con una notable ausencia de mecanismos de control (Human Rights Watch, 2026). Tan grave es este deterioro que inclusive algunos connotados voceros de la derecha, con el eco de parte de la gran prensa, han expresado su rechazo a este orden dictatorial, eso si sin cuestionar para nada la esencia del proyecto olig\u00e1rquico-neoliberal, por antonomasia autoritario.<\/p>\n\n\n\n<p class=\"wp-block-paragraph\">M\u00e1s all\u00e1 de algunas diferencias, lo que interesa es constatar como al estado de derecho se lo transforma en tiran\u00eda.<\/p>\n\n\n\n<p class=\"wp-block-paragraph\"><strong>En la pr\u00e1ctica, con el \u201cestado de excepci\u00f3n\u201d se normaliza la dictadura<\/strong><\/p>\n\n\n\n<p class=\"wp-block-paragraph\">En el Ecuador de Daniel Noboa el \u201cestado de excepci\u00f3n\u201d no es m\u00e1s la anomal\u00eda. La excepci\u00f3n ha dejado de ser una respuesta temporal a determinadas crisis. Le han convertido en un m\u00e9todo ordinario de gobernar. Hasta el 20 de junio de 2026, el mandatario hab\u00eda firmado 24 decretos relacionados con estados de excepci\u00f3n, de los cuales 22 han sido por inseguridad, 3 por protestas sociales vinculadas a la eliminaci\u00f3n del subsidio al di\u00e9sel y 1 por la crisis el\u00e9ctrica. En t\u00e9rminos de duraci\u00f3n, la administraci\u00f3n de Noboa ha transcurrido m\u00e1s de un 95% bajo alg\u00fan r\u00e9gimen excepcional, nacional o focalizado. En Ecuador gobierna, en s\u00edntesis, la excepci\u00f3n, la militarizaci\u00f3n, a lo que se suma el irrespeto al marco jur\u00eddico vigente. Y esto se complementa con un presidente que \u201ctrabaja\u201d v\u00eda remota o en la distancia, puesto que ha realizado 33 salidas al exterior, hasta la misma fecha, con casi la mitad a los EEUU.<\/p>\n\n\n\n<p class=\"wp-block-paragraph\">El clave de narrativa oficial: Ecuador libra una guerra contra el crimen organizado. Lo de fondo no es solo el combate a la violencia criminal, sino tambi\u00e9n el modo en que esa guerra est\u00e1 siendo utilizada para reorganizar el Estado, disciplinar la sociedad a trav\u00e9s de la suspensi\u00f3n de garant\u00edas, al tiempo que se alienta el neoliberalismo. La seguridad no funciona solamente reprimiendo el crimen organizado; tambi\u00e9n organiza conductas, produce obediencia, clasifica poblaciones, administra territorios y fabrica umbrales de tolerancia social, al tiempo que asegura respaldos a los tiranos. En ese espeso escenario como que se normalizan las violencias y la muerte\u2026<\/p>\n\n\n\n<p class=\"wp-block-paragraph\">Lo concreto es que el uso perverso de la lucha contra la violencia criminal no ha resuelto el problema que dice enfrentar, lo ha agudizado. El a\u00f1o 2025 cerr\u00f3 con 9.216 homicidios, el m\u00e1s violento de la historia reciente del pa\u00eds, mientras los estados de excepci\u00f3n, los toques de queda y sobre todo la presencia militar permanente, con creciente participaci\u00f3n de soldados yanquis, no han logrado contener una violencia criminal que se ha expandido territorial e institucionalmente. As\u00ed, la pregunta decisiva ya no es solo cu\u00e1nta violencia existe, sino qu\u00e9 tipo de poder se est\u00e1 construyendo a partir de ella en el pa\u00eds m\u00e1s inseguro de la regi\u00f3n.<\/p>\n\n\n\n<p class=\"wp-block-paragraph\">Mientras el gobierno presenta sus medidas como indispensables para la restauraci\u00f3n del orden, la vida cotidiana se deteriora en casi todos los frentes. Hay hospitales sin insumos y alimentos, denuncias por colapso sanitario, precarizaci\u00f3n laboral, encarecimiento de la vida, crisis educativa, interrupciones en el suministro de electricidad convertidas en amenaza recurrente, a lo que se suma una sensaci\u00f3n extendida de abandono social. Vivimos en un pa\u00eds exhausto, donde las violencias y los miedos aparecen como una norma, no como una excepci\u00f3n.&nbsp;<\/p>\n\n\n\n<p class=\"wp-block-paragraph\">Lo que est\u00e1 en juego, entonces, no es \u00fanicamente la deriva autoritaria de un gobierno. Es la consolidaci\u00f3n de una forma de poder, neoliberal en lo econ\u00f3mico, punitiva en lo social, militarizada en lo territorial y subordinada en lo geopol\u00edtico. En Ecuador se consolida un proceso que podemos llamar de mikelizaci\u00f3n, un Frankenstein andino entre &nbsp; neolibertarismo econ\u00f3mico de Milei y el modelo represor securitario de Bukele. Un Estado fuerte para reprimir y d\u00e9bil para cuidar la vida; eficaz para suspender derechos y deficiente para garantizar la democracia; r\u00e1pido para declarar emergencias y lento para responder al hambre, la enfermedad, el desempleo o el abandono escolar.<\/p>\n\n\n\n<p class=\"wp-block-paragraph\">En este complejo escenario se avanza en un proceso electoral cargado de abusos e irregularidades. Con el peregrino argumento de anticiparse a la llegada del fen\u00f3meno de El Ni\u00f1o, se adelantaron las elecciones de gobiernos aut\u00f3nomos descentralizados: prefecturas, municipios, juntas parroquiales. En paralelo, atropellando la institucionalidad electoral y el marco jur\u00eddico imperante, se suspende a partidos pol\u00edticos de oposici\u00f3n, se persigue incluso de forma brutal a potenciales candidatos triunfadores, se criminaliza a cientos de personas y organizaciones de la sociedad civil, se niega la posibilidad de una revocatoria del mandato presidencial establecida en la Constituci\u00f3n. A este paso, no deber\u00eda sorprender que Noboa, emulando al dictador de Nicaragua, llegue a declarar la suspensi\u00f3n de todos los procesos electorales y los mismos ejercicios democr\u00e1ticos constitucionalmente establecidos.<\/p>\n\n\n\n<p class=\"wp-block-paragraph\">Todo eso y m\u00e1s es posible, con un gobernante que gobierna a trav\u00e9s de la sistem\u00e1tica suspensi\u00f3n o atropello de derechos para concentrar su poder en las distintas funciones del Estado: el Consejo de la Judicatura y la Fiscal\u00eda, el Consejo Nacional Electoral y el Tribunal Contencioso Electoral, el Consejo de Participaci\u00f3n Ciudadana, la Contralor\u00eda General del Estado, la Asamblea Nacional, a trav\u00e9s de la que se desata una avalancha de leyes y disposiciones legales fuertemente regresivas y antidemocr\u00e1ticas, al tiempo que se bloquea cualquier acci\u00f3n de fiscalizaci\u00f3n pol\u00edtica de sonadas denuncias de corrupci\u00f3n en los c\u00edrculos m\u00e1s elevados del propio gobierno\u2026 Para cerrar el c\u00edrculo de dominaci\u00f3n, el r\u00e9gimen est\u00e1 empe\u00f1ado en romper el \u00faltimo basti\u00f3n de cierta resistencia democr\u00e1tica, representado por una Corte Constitucional cada vez m\u00e1s neutralizada; cuyos miembros son p\u00fablicamente atacados por el gobernante, inclusive en contubernio con la justicia.<\/p>\n\n\n\n<p class=\"wp-block-paragraph\">Esta creciente concentraci\u00f3n del poder se apuntala en el control ampliado por la influencia silenciadora del poder olig\u00e1rquico-gubernamental en varios medios de comunicaci\u00f3n, que se nutre tambi\u00e9n del abierto servilismo de muchos periodistas. Tan grave es el ambiente que organismos de periodistas internacionales han constatado una \u201calta restricci\u00f3n\u201d para la libertad de prensa.<\/p>\n\n\n\n<p class=\"wp-block-paragraph\">En el \u00e1mbito econ\u00f3mico, Noboa parecer\u00eda tambi\u00e9n empe\u00f1ado en enfrentar a algunos grupos empresariales, que al parecer son un estorbo en los negocios del enorme emporio empresarial de la familia Noboa, que es uno de los mayores exportadores de banano. Y como para que no falte nada, se consigui\u00f3 la remisi\u00f3n total de millonarias deudas del consorcio empresarial familiar en el Sistema de Rentas Internas, por alrededor de 90 millones de d\u00f3lares<\/p>\n\n\n\n<p class=\"wp-block-paragraph\">En este entorno no sorprende el sistem\u00e1tico desconocimiento de los pronunciamientos en varias consultas populares que, por ejemplo, frenan constitucionalmente las actividades mineras del pa\u00eds e inclusive la explotaci\u00f3n de petr\u00f3leo en el Bloque ITT, en el Yasun\u00ed. Tampoco se cumple con la consulta popular del d\u00eda 16 de noviembre de 2025, que fren\u00f3 masivamente el intento noboista para desmontar la Constituci\u00f3n, que desde sus or\u00edgenes en el a\u00f1o 2008 incomoda profundamente a las \u00e9lites. Tras su aparatosa derrota, Noboa insiste en desmontarla mediante reformas legales urgentes y a trav\u00e9s de diversas acciones que desconocen la voluntad popular.<\/p>\n\n\n\n<p class=\"wp-block-paragraph\">La lista de medidas y acciones que debilitan derechos y garant\u00edas crece a diario. As\u00ed, entre otras tantas cuestiones, se impulsa la reintroducci\u00f3n&nbsp; del trabajo por hora a trav\u00e9s de un simple acuerdo ministerial (con jornadas de 12 horas como en Argentina), se alienta el ingreso de tropas norteamericanas, se acelera la firma de inconstitucionales tratados inversi\u00f3n bilaterales con los prohibidos arbitrajes internacionales, se apura el debilitamiento de la protecci\u00f3n ambiental y de la participaci\u00f3n social, se construye escenarios para acelerar las privatizaciones, se expande de forma acelerada los extractivismos, en especial la megaminer\u00eda: negocio en el que estar\u00eda envuelta la familia del presidente.<\/p>\n\n\n\n<p class=\"wp-block-paragraph\">En Ecuador, en suma, se sostiene la fachada democr\u00e1tica mientras se incorporan pr\u00e1cticas de un r\u00e9gimen dictatorial, con una sociedad que parece aceptar que vivir con miedo y derechos suspendidos es simplemente \u201clo normal\u201d. En nombre de la protecci\u00f3n ciudadana se ampl\u00edan las facultades policiales y militares; en nombre del orden y el progreso se restringe la misma vida democr\u00e1tica y se reprime inclusive la libertad de expresi\u00f3n.<\/p>\n\n\n\n<p class=\"wp-block-paragraph\"><strong>Noboa, el acelerador del modelo neoliberal<\/strong><\/p>\n\n\n\n<p class=\"wp-block-paragraph\">Blandiendo el discurso envolvente de enfrentar el crimen organizado, el gobierno de Noboa interviene en todos los \u00f3rdenes de la vida nacional, incluyendo el econ\u00f3mico. Esa fue la justificaci\u00f3n para incrementar el impuesto al valor agregado y los precios de los combustibles: gasolina y di\u00e9sel. Incluso \u201cla guerra comercial\u201d con Colombia (v\u00eda incremento de los aranceles) se justific\u00f3 oficialmente en el establecimiento de una \u201ctasa de seguridad\u201d, dado que el vecino del norte no cuidar\u00eda su frontera, seg\u00fan el pretexto de Noboa. Esta \u201cguerra\u201d, que pas\u00f3 factura a los dos pa\u00edses, como se anticip\u00f3 oportunamente, result\u00f3 ser un mecanismo para debilitar electoralmente la corriente progresista en Colombia, en claro contubernio con las presiones desatadas por el gobierno de Donald Trump.<\/p>\n\n\n\n<p class=\"wp-block-paragraph\">M\u00e1s all\u00e1 de la verborrea de securitizaci\u00f3n, lo que ha buscado el gobierno, con estas medidas econ\u00f3micas impuestas por el FMI, es sumar reservas monetarias internacionales para atender las demandas de los acreedores de la deuda externa. Dicho aumento de las reservas es el resultado principalmente del financiamiento externo, valorizaci\u00f3n de activos, atraso de pagos ya devengados, as\u00ed como del austericidio fiscal. En ning\u00fan caso, ese resultado demuestra fortaleza econ\u00f3mica estructural. Se trata de una liquidez transitoria con un duro impacto en varios \u00e1mbitos, en donde escasea la inversi\u00f3n p\u00fablica, como el de la salud, que ha colapsado.<\/p>\n\n\n\n<p class=\"wp-block-paragraph\">Un dato que puede resultar curioso, si bien el gobierno recorta inversiones del sector p\u00fablico, aumenta tributos, tarifas de los servicios, precios los combustibles y del transporte intercantonal e interprovincial, no deja de utilizar clientelarmente parte de los crecientes recursos fiscales para promocionar sus intereses electorales en la consulta popular de abril del 2024, su reelecci\u00f3n en el a\u00f1o 2025, inclusive la consulta popular de noviembre del 2025; pr\u00e1ctica que se repite ya para las elecciones de los gobiernos aut\u00f3nomos descentralizados de noviembre del 2026. Una acci\u00f3n que le vali\u00f3 un \u201ctir\u00f3n de orejas\u201d del FMI, pero nada m\u00e1s que eso, puesto que el Fondo sigue apoyando a su protegido.&nbsp;<\/p>\n\n\n\n<p class=\"wp-block-paragraph\">Noboa destac\u00f3 el regreso de Ecuador a los mercados de capital internacionales, luego de haber alcanzado una sustantiva reducci\u00f3n del \u00edndice de riesgo-pa\u00eds, conseguido gracias a la contracci\u00f3n del d\u00e9ficit fiscal, debido, en especial, al austericidio fiscal, es decir al sacrificio de la inversi\u00f3n p\u00fablica en todos los \u00f3rdenes, incluyendo el de la seguridad, que ejecut\u00f3 menos del 50% de lo presupuestado en el 2025&#8230; Aprovech\u00e1ndose de dicha reducci\u00f3n, el gobierno, para cumplir los insostenibles compromisos adquiridos en el a\u00f1o 2020, contrata m\u00e1s deuda externa. Esta costosa nueva deuda alivia las presiones fiscales en el corto plazo. En el mediano y largo plazos la situaci\u00f3n ser\u00e1 diferente: se trata de una deuda no solo m\u00e1s costosa, sino incluso muy ventajosa para los acreedores, a quienes, adem\u00e1s, se les asegur\u00f3 la recompra de los bonos al 100% de su valor nominal. Estas operaciones no reducen el endeudamiento p\u00fablico. Lo aumentan. La deuda p\u00fablica externa e interna supera los 90.000 millones de d\u00f3lares: casi 70% del Producto Interno Bruto (PIB) nominal. En s\u00edntesis, lo que se hace es cambiar la composici\u00f3n y el perfil de vencimientos de los cr\u00e9ditos contratados, manteniendo al pa\u00eds atado a \u201cla deuda eterna\u201d.<\/p>\n\n\n\n<p class=\"wp-block-paragraph\">Aqu\u00ed aflora un aspecto medular del proyecto olig\u00e1rquico-neoliberal: la reducci\u00f3n econ\u00f3mica del tama\u00f1o del Estado, con la consiguiente b\u00fasqueda de privatizaci\u00f3n de empresas y servicios p\u00fablicos, incluyendo el de la salud. Cabe mencionar los esfuerzos sistem\u00e1ticos para debilitar a la principal empresa del Ecuador, la estatal petrolera Petroecuador, a la que se le desfinancia y descapitaliza, se nombran gerentes mediocres y temporales, se despiden t\u00e9cnicos calificados, en suma, se le impide actuar como empresa. Mientras que, de forma perversa, los grandes medios de des-informaci\u00f3n presentan a las empresas estatales como estructuralmente ineficientes.<\/p>\n\n\n\n<p class=\"wp-block-paragraph\">El caso del sector el\u00e9ctrico merece un punto aparte. Los cortes de electricidad en la primera etapa de la gesti\u00f3n noboista fueron recurrentes y sistem\u00e1ticos, alcanzando hasta 14 horas diarias durante varias semanas. Cabe tener presente que, a inicios del a\u00f1o 2023, todav\u00eda en la anterior gesti\u00f3n gubernamental, en la del banquero Guillermo Lasso, se anticip\u00f3 la llegada de un agudo estiaje y se elabor\u00f3 un plan para enfrentarlo. Existiendo, esto es clave, recursos para financiarlo, nada se hizo. Ya en el gobierno de Noboa, no solo se incumpli\u00f3 con dicho plan de emergencia, sino que incluso se retiraron recursos de las cuentas de los entes el\u00e9ctricos estatales para cerrar el d\u00e9ficit fiscal. Poco m\u00e1s tarde, en operaciones abiertamente corruptas, este r\u00e9gimen malgast\u00f3 millones de d\u00f3lares en la contrataci\u00f3n de equipos termoel\u00e9ctricos obsoletos. Y en este escenario, cuando nuevamente aparece la amenaza de los apagones, se mantiene la bandera de la privatizaci\u00f3n como la alternativa, lo que ha sido apuntalado con un par de leyes de urgencia econ\u00f3mica.<\/p>\n\n\n\n<p class=\"wp-block-paragraph\">En este empe\u00f1o se enmarcan la fusi\u00f3n y hasta la desaparici\u00f3n de ministerios: una pol\u00edtica -a lo Milei- que debilita derechos y garant\u00edas.<\/p>\n\n\n\n<p class=\"wp-block-paragraph\">Desplegando a cabalidad el libreto neoliberal, el nobo\u00edsmo sigue impert\u00e9rrito alentando acciones extractivistas. As\u00ed, con una de las tantas leyes de urgencia econ\u00f3mica, el r\u00e9gimen consigui\u00f3 una reforma pro-miner\u00eda que debilita brutalmente los controles ambientales y la participaci\u00f3n ciudadana; que aumenta las amenazas sobre territorios, comunidades y Naturaleza; al tiempo que consagra la militarizaci\u00f3n de los territorios con potencial minero para romper la resistencia comunitaria. Con esta ley se autoriza, inclusive, la miner\u00eda de materiales p\u00e9treos en las Islas Gal\u00e1pagos, en donde Noboa trat\u00f3 (sin \u00e9xito, gracias a la negativa popular en las urnas en noviembre del a\u00f1o 2025) de que se instalara una base militar norteamericana.<\/p>\n\n\n\n<p class=\"wp-block-paragraph\">Tampoco podemos marginar los avances en la suscripci\u00f3n de tratados de libre comercio y de promoci\u00f3n de inversiones atropellando disposiciones clave de la Constituci\u00f3n del 2008, que, entre otros puntos, proh\u00edbe los arbitrajes internacionales. Ese mandato, adem\u00e1s, se ratific\u00f3 expresamente en la consulta popular de abril del 2004 cuando el gobierno tampoco consigui\u00f3 reintroducir el trabajo por horas prohibido en el mismo texto constitucional. A la fecha este r\u00e9gimen ha firmado acuerdos comerciales con los EEUU y recientemente con Canad\u00e1; as\u00ed como tratados de protecci\u00f3n a las inversiones extranjeras con los Emiratos \u00c1rabes Unidos (garant\u00edas para la atracci\u00f3n de capitales en sectores estrat\u00e9gicos e infraestructura) y con la Uni\u00f3n Europea (facilitaci\u00f3n e incentivo para inversiones con est\u00e1ndares ambientales y de sostenibilidad).<\/p>\n\n\n\n<p class=\"wp-block-paragraph\">Aqu\u00ed destacamos el Acuerdo Comercial Rec\u00edproco con los EEUU, suscrito el 13 de marzo del presente a\u00f1o. Este Acuerdo, negociado en poqu\u00edsimo tiempo, a espaldas de la sociedad, que impone much\u00edsimas m\u00e1s obligaciones al Ecuador que a los EEUU, sintetiza una creciente alineaci\u00f3n, en tanto subordina decisiones clave en comercio, inversi\u00f3n, regulaci\u00f3n, tecnolog\u00eda e incluso pol\u00edtica migratoria, tal como sucede, de una u otra manera, con los otros TLC. Este Acuerdo de Comercio Rec\u00edproco -similares acuerdos han suscrito Argentina, El Salvador, Guatemala- representa una suerte de TLC PLUS, a trav\u00e9s del que se asume como propia la pol\u00edtica exterior estadounidense, no solo la comercial\u2026 Acuerdo que hay que analizarlo en el marco geopol\u00edtico de las acciones imperiales de Washington como el Escudo de las Am\u00e9ricas, al que nos referiremos m\u00e1s adelante. Y como todos los TLC, que son libres, ni solo de comercio, este Acuerdo -esto es lo de fondo- consolida una modalidad de acumulaci\u00f3n primario-exportadora, sustentada especialmente en la sobreexplotaci\u00f3n de la Naturaleza y de la fuerza de trabajo.<\/p>\n\n\n\n<p class=\"wp-block-paragraph\">Mientras el discurso oficial celebra algunos indicadores, el deterioro de las condiciones de vida para las mayor\u00edas aumenta. A modo de bot\u00f3n de muestra, el mercado laboral y los ingresos muestran una fragilidad persistente. Para marzo de 2026, el empleo adecuado se ubic\u00f3 en 32,1%, por debajo del 37,1% registrado en febrero del mismo a\u00f1o, mientras el subempleo alcanz\u00f3 el 19,6% (INEC, 2026). Un problema fundamental radica en la calidad del empleo. Solo 32,1% de la PEA ten\u00eda empleo adecuado, mientras el subempleo y las otras formas de ocupaci\u00f3n precaria reduc\u00edan severamente la capacidad material de los hogares.<\/p>\n\n\n\n<p class=\"wp-block-paragraph\">Por igual se mantiene muy complicada la insuficiencia estructural de ingresos. Seg\u00fan el INEC (Instituto Nacional de Estad\u00edstica y Censos), la canasta b\u00e1sica familiar de marzo de 2026 fue de 830 d\u00f3lares para un hogar tipo de cuatro miembros con 1,6 perceptores de ingreso, mientras que el ingreso m\u00ednimo era de 482 d\u00f3lares. El problema se magnifica al cruzar la distribuci\u00f3n del ingreso por quintiles con la estructura laboral efectiva, los tres primeros quintiles (es decir, el 60% de la poblaci\u00f3n) no alcanzar\u00edan a cubrir esa canasta. El primer quintil apenas cubrir\u00eda 19,8%, el segundo 42,0% y el tercero 66,3%. El cuarto quintil apenas supera el umbral, con 102,3%, mientras el quinto alcanza 230,3%. La fractura social es clara, la mayor\u00eda aparece estad\u00edsticamente ocupada, pero vive por debajo de condiciones materiales suficientes.<\/p>\n\n\n\n<p class=\"wp-block-paragraph\">En este contexto econ\u00f3mico, a finales del a\u00f1o 2025, mientras la pobreza por ingresos era del 21,4%, la multidimensional duplicaba esa cifra al alcanzar el 41,7%, destac\u00e1ndose la falta de servicios b\u00e1sicos y vivienda digna. Niveles de pobreza mucho m\u00e1s altos en el \u00e1rea rural en comparaci\u00f3n con la urbana.<\/p>\n\n\n\n<p class=\"wp-block-paragraph\">En resumen, esta cruda realidad no se oculta con unos cuantos indicadores macro. Esa realidad nos dice que crece la distancia entre salario y canasta b\u00e1sica, el endeudamiento de los hogares como instancia para llegar a fin de mes, as\u00ed como el sistem\u00e1tico deterioro de la salud, la educaci\u00f3n y la misma seguridad.<\/p>\n\n\n\n<p class=\"wp-block-paragraph\"><strong>Noboa, un fiel pe\u00f3n de los intereses trumponianos<\/strong><\/p>\n\n\n\n<p class=\"wp-block-paragraph\">En pol\u00edtica internacional, Noboa, levantando la tesis del \u201cconflicto armado no internacional\u201d, se sintoniza de forma p\u00fablica y sumisa con las remozadas pretensiones imperiales de Donald Trump, inclusive con la violencia genocida del sionismo, cuya sombra planea por toda la regi\u00f3n. Una posici\u00f3n coincidente con la estrategia geopol\u00edtica de EEUU, que incluye a Ecuador en el per\u00edmetro de seguridad inmediato de la \u201cGran Am\u00e9rica del Norte\u201d. De esta manera, el r\u00e9gimen noboista, inclusive contrariando las disposiciones constitucionales, conjuntamente con el Comando Sur de los Estados Unidos, desata la \u201cOperaci\u00f3n Exterminio Total\u201d para combatir militarmente el narco-terrorismo en territorio ecuatoriano con acciones represivas indiscriminadas, tal como sucede en el Caribe y el Pac\u00edfico Oriental. De hecho, ya hay denuncias de \u201cfalsos positivos\u201d en la frontera norte y en el mar, es decir el asesinato de civiles inocentes como resultado de esas acciones militares.<\/p>\n\n\n\n<p class=\"wp-block-paragraph\">Es importante destacar que Ecuador se ha convertido en una pieza fundamental del crimen organizado, cuyos tent\u00e1culos se infiltran en todas las instancias del Estado; gobierno central y gobiernos descentralizados, justicia, fuerza p\u00fablica, en pr\u00e1cticamente toda la institucionalidad pol\u00edtica&#8230; De los puertos ecuatorianos parte gran parte de la coca\u00edna que llega a Estados Unidos y Europa. Droga que es transportada especialmente en embarcaciones cargadas de banano. Droga que tambi\u00e9n se infiltra por la Amazon\u00eda, como sucede en Colombia y Per\u00fa, hacia el Brasil.<\/p>\n\n\n\n<p class=\"wp-block-paragraph\">En este entorno, existiendo una abierta complicidad con autoridades y con empresas consideradas como legales, se expande de forma acelerada la miner\u00eda aur\u00edfera ilegal, en la que incursionan cada vez m\u00e1s los grupos de delincuencia organizada. As\u00ed, la expansi\u00f3n de econom\u00edas il\u00edcitas constituye hoy un factor macroecon\u00f3mico que amortigua parcialmente las restricciones de liquidez de la econom\u00eda dolarizada (que tambi\u00e9n se nutre sustantivamente de las remesas de la emigraci\u00f3n). El propio presidente Noboa afirm\u00f3, en una entrevista en julio del presente a\u00f1o, que las econom\u00edas il\u00edcitas generar\u00edan hasta el 20% del PIB, que equivaldr\u00eda a 26.000 millones de d\u00f3lares al a\u00f1o, los cuales ingresan al sistema formal mediante diversos mecanismos de blanqueo de capitales.<\/p>\n\n\n\n<p class=\"wp-block-paragraph\">Por cierto, queda flotando una pregunta crucial que no tiene que ver solo con la influencia econ\u00f3mica e incluso pol\u00edtica de los narco-d\u00f3lares, sino especialmente con qui\u00e9nes son los ganadores de esta guerra en contra del crimen organizado, que es un engranaje m\u00e1s de la pol\u00edtica de Washington en su lucha contra \u201clos extremistas de izquierda\u201d en todo el mundo.<\/p>\n\n\n\n<p class=\"wp-block-paragraph\">Tengamos en cuenta que Noboa particip\u00f3 en el establecimiento del Escudo de las Am\u00e9ricas, que representa un alineamiento ideol\u00f3gico y estrat\u00e9gico de gobiernos sumisos a la pol\u00edtica del Trumpismo. Un mecanismo para la lucha contra el narco-terrorismo, en el marco de la remozada doctrina Monroe (1823), hoy conocida como Donroe; con el que quiere tambi\u00e9n enfrentar a los otros imperios, sobre todo a China. Ecuador entra as\u00ed de lleno en lo que se anticip\u00f3 de forma oportuna constituir\u00eda una suerte de Plan C\u00f3ndor del siglo XXI; hablamos de aquella campa\u00f1a regional de represi\u00f3n pol\u00edtica y terrorismo de Estado llevada a cabo en los a\u00f1os setenta del siglo pasado por varias dictaduras; se trat\u00f3 de una pol\u00edtica de alcance regional, que contaba con el respaldo de los EEUU, que inclu\u00eda operaciones de inteligencia, el combate a grupos considerados como subversivos, as\u00ed como el asesinato de opositores<\/p>\n\n\n\n<p class=\"wp-block-paragraph\">Otro punto no menor. Casi desde el inicio de su administraci\u00f3n, Noboa ha dado muestras de su poco o nulo respeto a las normas internacionales. As\u00ed, en abril del a\u00f1o 2024, orden\u00f3 el asalto a la embajada de M\u00e9xico en Ecuador para capturar al exvicepresidente Jorge Glass, quien se encontraba en calidad de refugiado. Llegados a esta cuesti\u00f3n, cabe mencionar que el conflicto comercial con Colombia, fue una acci\u00f3n en cumplimiento de disposiciones que provienen del coloso del norte empe\u00f1ado en debilitar la tendencia progresista en las recientes elecciones colombianas, en las que no tuvo empacho alguno en incidir de diversas maneras. Esta sumisi\u00f3n a Washington explicar\u00eda la ruptura de relaciones diplom\u00e1ticas con Cuba en marzo del presente a\u00f1o, justamente cuando se agudiz\u00f3 el largo y brutal bloqueo alrededor de la isla.<\/p>\n\n\n\n<p class=\"wp-block-paragraph\">As\u00ed las cosas, Noboa inserta su guerra en contra del crimen organizado actuando como sumiso pe\u00f3n en la contienda geopol\u00edtica de Washington. Y todo esto permitiendo el control por parte de los EEUU de los bienes naturales del pa\u00eds; pretensi\u00f3n que mueve al gobierno de Trump en todo el hemisferio, desde Groenlandia hasta Tierra del Fuego, e incluso fuera de \u00e9l; basta ver como se ha transformado a Venezuela en una suerte de protectorado yanqui.<\/p>\n\n\n\n<p class=\"wp-block-paragraph\">A partir del reiterado reconocimiento del \u201cconflicto armado interno\u201d, Noboa present\u00f3 en julio del a\u00f1o su Plan Nacional de Seguridad Integral 2025-2029 destinado a ampliar la cooperaci\u00f3n militar y policial internacional con el fin de enfrentar -lo que el r\u00e9gimen considera- amenazas a la seguridad, el orden p\u00fablico y la paz social. Por lo tanto, v\u00eda decreto, se abre la puerta para indultos, rebajas o conmutaciones de penas a militares, polic\u00edas y civiles que participen en acciones relacionadas con la represi\u00f3n, esperando que la Asamblea Nacional otorgue amnist\u00edas, de ser del caso. Tambi\u00e9n se establece que el personal militar de Estados cooperantes o mercenarios que participen en estas operaciones gocen de inmunidad conforme a los instrumentos y acuerdos internacionales aplicables. Se crean tribunales o salas especializadas que conozcan procesos relacionados con integrantes de las Fuerzas Armadas y la Polic\u00eda, as\u00ed como de las fuerzas internacionales involucradas. Como un punto adicional, ya se ha instalado una oficina del FBI en Quito.<\/p>\n\n\n\n<p class=\"wp-block-paragraph\">Todo esto con una permanente afectaci\u00f3n a disposiciones constitucionales. Este gobierno sumiso, hay que reconocerlo, aprovecha de una serie de convenios preexistentes y del miedo atado a la criminalidad y la forma en que se la combate, la que en un c\u00edrculo perverso provoca nuevos miedos, que alimentan la espiral de violencia represiva e inclusive la aceptaci\u00f3n sumisa de dichas acciones autoritarias por parte de amplios segmentos de la sociedad.<\/p>\n\n\n\n<p class=\"wp-block-paragraph\"><strong>Noboa, un dictador a ser enfrentado siempre con m\u00e1s democracia<\/strong><\/p>\n\n\n\n<p class=\"wp-block-paragraph\">Ecuador cruza un umbral pol\u00edtico de deterioro sistem\u00e1tico y cada vez m\u00e1s acelerado de su democracia, sin que se haya producido -hasta ahora- una sostenida respuesta de la sociedad.<\/p>\n\n\n\n<p class=\"wp-block-paragraph\">De todas formas, la semilla de la rebeli\u00f3n y la dignidad germina en muchos \u00e1mbitos. Resaltemos las m\u00faltiples luchas de resistencia de muchas comunidades que enfrentan los extractivismos minero y petrolero; las valerosas acciones de las agrupaciones de Derechos Humanos y de ecologistas que levantan de forma sostenida y valiente su voz de protesta; las movilizaciones puntuales impulsadas por diversos movimientos sociales, campesinos y ciudadanos, entre las que se destaca la gran marcha del \u201cquinto r\u00edo\u201d en la ciudad de Cuenca, que moviliz\u00f3 a m\u00e1s de 100 mil personas en defensa del agua y los p\u00e1ramos contra la miner\u00eda el d\u00eda 16 de septiembre del 2025.<\/p>\n\n\n\n<p class=\"wp-block-paragraph\">Acciones a las que habr\u00eda que a\u00f1adir el -duramente reprimido- paro ind\u00edgena de setiembre y octubre del a\u00f1o pasado, que contribuy\u00f3 al triunfo del pueblo en la consulta y refer\u00e9ndum del 16 de noviembre del 2025. En esa ocasi\u00f3n fue derrotado el gobierno y su proyecto pol\u00edtico olig\u00e1rquico-neoliberal. Se fren\u00f3 el intento de convocar a una nueva constituyente, entre otras de sus protervas intenciones. Ese logro fue posible gracias a una minga democr\u00e1tica, que convoc\u00f3 una gran diversidad de actores sociales y ciudadanos, que priorizaron el bien com\u00fan, la defensa de la democracia, la soberan\u00eda, la paz, la vida misma. Este logro representa un hecho hist\u00f3rico in\u00e9dito: la Constituci\u00f3n de Montecristi, la del a\u00f1o 2008, aprobada en las urnas en septiembre de ese a\u00f1o, fue ratificada el a\u00f1o pasado.<\/p>\n\n\n\n<p class=\"wp-block-paragraph\">Por lo tanto, defender la Constituci\u00f3n del 2008 implica asumirla como una red viva de derechos y garant\u00edas que se debe cuidar y difundir en la pr\u00e1ctica. As\u00ed las cosas, esta carta magna emerge como la base para propiciar un gran Acuerdo Nacional, que afirme la dignidad y la irreverencia frente al poder, que recupere espacios de soberan\u00eda y democracia activa, lo que implica fortalecer la organizaci\u00f3n social, especialmente desde \u00e1mbitos comunitarios, como fuerza movilizadora en la construcci\u00f3n de un pa\u00eds m\u00e1s justo.<\/p>\n\n\n\n<p class=\"wp-block-paragraph\">Es importante, entonces, que las oposiciones al r\u00e9gimen, superen aquellas viejas y nuevas disputas, demostrando capacidad para conformar alianzas amplias en las pr\u00f3ximas elecciones de noviembre de este a\u00f1o, as\u00ed como para preparar y sostener movilizaciones y acciones m\u00faltiples en el marco del derecho constitucional a la resistencia. Eso s\u00ed, sin dejarse atrapar por el ego\u00edsmo y el oportunismo, el caudillismo y el sectarismo, que debilitan e incluso paralizan muchas otras formas unitarias de acci\u00f3n democr\u00e1tica, urgentes para enfrentar la dictadura.<\/p>\n\n\n\n<p class=\"wp-block-paragraph\">La historia la escriben los pueblos, no sus gobernantes.<\/p>\n\n\n\n<p class=\"wp-block-paragraph\">[1] \u201cArquitectura del poder absoluto\u201d, 26 de febrero del 2026.&nbsp; https:\/\/www.primicias.ec\/opinion\/maria-sol-borja\/ecuador-poder-gobierno-daniel-noboa-116780\/<\/p>\n\n\n\n<p class=\"wp-block-paragraph\">[2] La par\u00e1bola de la rana hervida cuenta que, si se coloca una rana en agua hirviendo, saltar\u00e1 de inmediato, pero si se la pone en agua tibia y le calientas lentamente, no percibir\u00e1 el peligro, se acostumbrar\u00e1 al cambio y morir\u00e1 cocinada.<\/p>\n\n\n\n<p class=\"wp-block-paragraph\">[3] \u201cUn bonapartismo olig\u00e1rquico, regresivo y autoritario &#8211; Una caracterizaci\u00f3n sucinta del gobierno de Daniel Noboa\u201d. Revista SOCIOLOG\u00cdA Y POL\u00cdTICA HOY &#8211; No. 11, Universidad Central del Ecuador, Julio &#8211; Diciembre 2025. https:\/\/revistadigital.uce.edu.ec\/index.php\/hoy\/article\/view\/9713\/11876<\/p>\n\n\n\n<p class=\"wp-block-paragraph\"><em>*Economista ecuatoriano. Presidente de la Asamblea Constituyente 2007-2008<\/em><\/p>\n\n\n\n<p class=\"wp-block-paragraph\"><em>**Economista mexicano. Editor de la revista Yeiy\u00e1 Estudios Cr\u00edticos<\/em><\/p>\n","protected":false},"excerpt":{"rendered":"<p>El gobierno de Daniel Noboa en Ecuador implementa un r\u00e9gimen autoritario progresivo mediante estados de excepci\u00f3n permanentes, militarizaci\u00f3n y represi\u00f3n, consolidando poder olig\u00e1rquico-neoliberal con fachada democr\u00e1tica mientras normaliza violaciones de derechos humanos y vac\u00eda institucionalmente el Estado.<\/p>\n","protected":false},"author":2,"featured_media":27341,"comment_status":"closed","ping_status":"open","sticky":false,"template":"","format":"standard","meta":{"footnotes":""},"categories":[282],"tags":[],"class_list":["post-27340","post","type-post","status-publish","format-standard","has-post-thumbnail","hentry","category-derechos-humanos"],"yoast_head":"<!-- This site is optimized with the Yoast SEO plugin v16.7 - https:\/\/yoast.com\/wordpress\/plugins\/seo\/ -->\n<title>Ecuador, la excepci\u00f3n transformada en dictadura - Other News - Voz en contra de la corriente<\/title>\n<meta name=\"robots\" content=\"index, follow, max-snippet:-1, max-image-preview:large, max-video-preview:-1\" \/>\n<link rel=\"canonical\" href=\"https:\/\/www.other-news.info\/noticias\/ecuador-la-excepcion-transformada-en-dictadura\/\" \/>\n<meta property=\"og:locale\" content=\"es_ES\" \/>\n<meta property=\"og:type\" content=\"article\" \/>\n<meta property=\"og:title\" content=\"Ecuador, la excepci\u00f3n transformada en dictadura - Other News - Voz en contra de la corriente\" \/>\n<meta property=\"og:description\" content=\"El gobierno de Daniel Noboa en Ecuador implementa un r\u00e9gimen autoritario progresivo mediante estados de excepci\u00f3n permanentes, militarizaci\u00f3n y represi\u00f3n, consolidando poder olig\u00e1rquico-neoliberal con fachada democr\u00e1tica mientras normaliza violaciones de derechos humanos y vac\u00eda institucionalmente el Estado.\" \/>\n<meta property=\"og:url\" content=\"https:\/\/www.other-news.info\/noticias\/ecuador-la-excepcion-transformada-en-dictadura\/\" \/>\n<meta property=\"og:site_name\" content=\"Other News - Voz en contra de la corriente\" \/>\n<meta property=\"article:published_time\" content=\"2026-08-12T15:02:33+00:00\" \/>\n<meta property=\"article:modified_time\" content=\"2026-08-13T14:13:20+00:00\" \/>\n<meta property=\"og:image\" content=\"https:\/\/www.other-news.info\/noticias\/wp-content\/uploads\/2026\/08\/onam-ai-image-1786547191-1024x683.png\" \/>\n\t<meta property=\"og:image:width\" content=\"1024\" \/>\n\t<meta property=\"og:image:height\" content=\"683\" \/>\n<meta name=\"twitter:card\" content=\"summary_large_image\" \/>\n<meta name=\"twitter:label1\" content=\"Escrito por\" \/>\n\t<meta name=\"twitter:data1\" content=\"admin\" \/>\n\t<meta name=\"twitter:label2\" content=\"Tiempo de lectura\" \/>\n\t<meta name=\"twitter:data2\" content=\"30 minutos\" \/>\n<script type=\"application\/ld+json\" class=\"yoast-schema-graph\">{\"@context\":\"https:\/\/schema.org\",\"@graph\":[{\"@type\":\"WebSite\",\"@id\":\"https:\/\/www.other-news.info\/noticias\/#website\",\"url\":\"https:\/\/www.other-news.info\/noticias\/\",\"name\":\"Other News - Voz en contra de la corriente\",\"description\":\"Voz en contra de la corriente\",\"potentialAction\":[{\"@type\":\"SearchAction\",\"target\":{\"@type\":\"EntryPoint\",\"urlTemplate\":\"https:\/\/www.other-news.info\/noticias\/?s={search_term_string}\"},\"query-input\":\"required name=search_term_string\"}],\"inLanguage\":\"es\"},{\"@type\":\"ImageObject\",\"@id\":\"https:\/\/www.other-news.info\/noticias\/ecuador-la-excepcion-transformada-en-dictadura\/#primaryimage\",\"inLanguage\":\"es\",\"url\":\"https:\/\/www.other-news.info\/noticias\/wp-content\/uploads\/2026\/08\/onam-ai-image-1786547191.png\",\"contentUrl\":\"https:\/\/www.other-news.info\/noticias\/wp-content\/uploads\/2026\/08\/onam-ai-image-1786547191.png\",\"width\":1536,\"height\":1024},{\"@type\":\"WebPage\",\"@id\":\"https:\/\/www.other-news.info\/noticias\/ecuador-la-excepcion-transformada-en-dictadura\/#webpage\",\"url\":\"https:\/\/www.other-news.info\/noticias\/ecuador-la-excepcion-transformada-en-dictadura\/\",\"name\":\"Ecuador, la excepci\\u00f3n transformada en dictadura - Other News - Voz en contra de la corriente\",\"isPartOf\":{\"@id\":\"https:\/\/www.other-news.info\/noticias\/#website\"},\"primaryImageOfPage\":{\"@id\":\"https:\/\/www.other-news.info\/noticias\/ecuador-la-excepcion-transformada-en-dictadura\/#primaryimage\"},\"datePublished\":\"2026-08-12T15:02:33+00:00\",\"dateModified\":\"2026-08-13T14:13:20+00:00\",\"author\":{\"@id\":\"https:\/\/www.other-news.info\/noticias\/#\/schema\/person\/dd0ead9df8654b02034c4da003b9991b\"},\"breadcrumb\":{\"@id\":\"https:\/\/www.other-news.info\/noticias\/ecuador-la-excepcion-transformada-en-dictadura\/#breadcrumb\"},\"inLanguage\":\"es\",\"potentialAction\":[{\"@type\":\"ReadAction\",\"target\":[\"https:\/\/www.other-news.info\/noticias\/ecuador-la-excepcion-transformada-en-dictadura\/\"]}]},{\"@type\":\"BreadcrumbList\",\"@id\":\"https:\/\/www.other-news.info\/noticias\/ecuador-la-excepcion-transformada-en-dictadura\/#breadcrumb\",\"itemListElement\":[{\"@type\":\"ListItem\",\"position\":1,\"name\":\"Home\",\"item\":\"https:\/\/www.other-news.info\/noticias\/\"},{\"@type\":\"ListItem\",\"position\":2,\"name\":\"Ecuador, la excepci\\u00f3n transformada en dictadura\"}]},{\"@type\":\"Person\",\"@id\":\"https:\/\/www.other-news.info\/noticias\/#\/schema\/person\/dd0ead9df8654b02034c4da003b9991b\",\"name\":\"admin\",\"image\":{\"@type\":\"ImageObject\",\"@id\":\"https:\/\/www.other-news.info\/noticias\/#personlogo\",\"inLanguage\":\"es\",\"url\":\"https:\/\/secure.gravatar.com\/avatar\/e67344401a27ff9f91b2b48296aaa8fb9186ac51a3404ed4bdfbe790b6a9ee11?s=96&d=mm&r=g\",\"contentUrl\":\"https:\/\/secure.gravatar.com\/avatar\/e67344401a27ff9f91b2b48296aaa8fb9186ac51a3404ed4bdfbe790b6a9ee11?s=96&d=mm&r=g\",\"caption\":\"admin\"},\"url\":\"https:\/\/www.other-news.info\/noticias\/author\/admin\/\"}]}<\/script>\n<!-- \/ Yoast SEO plugin. -->","yoast_head_json":{"title":"Ecuador, la excepci\u00f3n transformada en dictadura - Other News - Voz en contra de la corriente","robots":{"index":"index","follow":"follow","max-snippet":"max-snippet:-1","max-image-preview":"max-image-preview:large","max-video-preview":"max-video-preview:-1"},"canonical":"https:\/\/www.other-news.info\/noticias\/ecuador-la-excepcion-transformada-en-dictadura\/","og_locale":"es_ES","og_type":"article","og_title":"Ecuador, la excepci\u00f3n transformada en dictadura - Other News - Voz en contra de la corriente","og_description":"El gobierno de Daniel Noboa en Ecuador implementa un r\u00e9gimen autoritario progresivo mediante estados de excepci\u00f3n permanentes, militarizaci\u00f3n y represi\u00f3n, consolidando poder olig\u00e1rquico-neoliberal con fachada democr\u00e1tica mientras normaliza violaciones de derechos humanos y vac\u00eda institucionalmente el Estado.","og_url":"https:\/\/www.other-news.info\/noticias\/ecuador-la-excepcion-transformada-en-dictadura\/","og_site_name":"Other News - Voz en contra de la corriente","article_published_time":"2026-08-12T15:02:33+00:00","article_modified_time":"2026-08-13T14:13:20+00:00","og_image":[{"width":1024,"height":683,"filesize":873160,"path":"2026\/08\/onam-ai-image-1786547191-1024x683.png","url":"https:\/\/www.other-news.info\/noticias\/wp-content\/uploads\/2026\/08\/onam-ai-image-1786547191-1024x683.png","size":"large","id":27341,"alt":"","pixels":699392,"type":"image\/png"}],"twitter_card":"summary_large_image","twitter_misc":{"Escrito por":"admin","Tiempo de lectura":"30 minutos"},"schema":{"@context":"https:\/\/schema.org","@graph":[{"@type":"WebSite","@id":"https:\/\/www.other-news.info\/noticias\/#website","url":"https:\/\/www.other-news.info\/noticias\/","name":"Other News - Voz en contra de la corriente","description":"Voz en contra de la corriente","potentialAction":[{"@type":"SearchAction","target":{"@type":"EntryPoint","urlTemplate":"https:\/\/www.other-news.info\/noticias\/?s={search_term_string}"},"query-input":"required name=search_term_string"}],"inLanguage":"es"},{"@type":"ImageObject","@id":"https:\/\/www.other-news.info\/noticias\/ecuador-la-excepcion-transformada-en-dictadura\/#primaryimage","inLanguage":"es","url":"https:\/\/www.other-news.info\/noticias\/wp-content\/uploads\/2026\/08\/onam-ai-image-1786547191.png","contentUrl":"https:\/\/www.other-news.info\/noticias\/wp-content\/uploads\/2026\/08\/onam-ai-image-1786547191.png","width":1536,"height":1024},{"@type":"WebPage","@id":"https:\/\/www.other-news.info\/noticias\/ecuador-la-excepcion-transformada-en-dictadura\/#webpage","url":"https:\/\/www.other-news.info\/noticias\/ecuador-la-excepcion-transformada-en-dictadura\/","name":"Ecuador, la excepci\u00f3n transformada en dictadura - Other News - Voz en contra de la corriente","isPartOf":{"@id":"https:\/\/www.other-news.info\/noticias\/#website"},"primaryImageOfPage":{"@id":"https:\/\/www.other-news.info\/noticias\/ecuador-la-excepcion-transformada-en-dictadura\/#primaryimage"},"datePublished":"2026-08-12T15:02:33+00:00","dateModified":"2026-08-13T14:13:20+00:00","author":{"@id":"https:\/\/www.other-news.info\/noticias\/#\/schema\/person\/dd0ead9df8654b02034c4da003b9991b"},"breadcrumb":{"@id":"https:\/\/www.other-news.info\/noticias\/ecuador-la-excepcion-transformada-en-dictadura\/#breadcrumb"},"inLanguage":"es","potentialAction":[{"@type":"ReadAction","target":["https:\/\/www.other-news.info\/noticias\/ecuador-la-excepcion-transformada-en-dictadura\/"]}]},{"@type":"BreadcrumbList","@id":"https:\/\/www.other-news.info\/noticias\/ecuador-la-excepcion-transformada-en-dictadura\/#breadcrumb","itemListElement":[{"@type":"ListItem","position":1,"name":"Home","item":"https:\/\/www.other-news.info\/noticias\/"},{"@type":"ListItem","position":2,"name":"Ecuador, la excepci\u00f3n transformada en dictadura"}]},{"@type":"Person","@id":"https:\/\/www.other-news.info\/noticias\/#\/schema\/person\/dd0ead9df8654b02034c4da003b9991b","name":"admin","image":{"@type":"ImageObject","@id":"https:\/\/www.other-news.info\/noticias\/#personlogo","inLanguage":"es","url":"https:\/\/secure.gravatar.com\/avatar\/e67344401a27ff9f91b2b48296aaa8fb9186ac51a3404ed4bdfbe790b6a9ee11?s=96&d=mm&r=g","contentUrl":"https:\/\/secure.gravatar.com\/avatar\/e67344401a27ff9f91b2b48296aaa8fb9186ac51a3404ed4bdfbe790b6a9ee11?s=96&d=mm&r=g","caption":"admin"},"url":"https:\/\/www.other-news.info\/noticias\/author\/admin\/"}]}},"_links":{"self":[{"href":"https:\/\/www.other-news.info\/noticias\/wp-json\/wp\/v2\/posts\/27340","targetHints":{"allow":["GET"]}}],"collection":[{"href":"https:\/\/www.other-news.info\/noticias\/wp-json\/wp\/v2\/posts"}],"about":[{"href":"https:\/\/www.other-news.info\/noticias\/wp-json\/wp\/v2\/types\/post"}],"author":[{"embeddable":true,"href":"https:\/\/www.other-news.info\/noticias\/wp-json\/wp\/v2\/users\/2"}],"replies":[{"embeddable":true,"href":"https:\/\/www.other-news.info\/noticias\/wp-json\/wp\/v2\/comments?post=27340"}],"version-history":[{"count":4,"href":"https:\/\/www.other-news.info\/noticias\/wp-json\/wp\/v2\/posts\/27340\/revisions"}],"predecessor-version":[{"id":27357,"href":"https:\/\/www.other-news.info\/noticias\/wp-json\/wp\/v2\/posts\/27340\/revisions\/27357"}],"wp:featuredmedia":[{"embeddable":true,"href":"https:\/\/www.other-news.info\/noticias\/wp-json\/wp\/v2\/media\/27341"}],"wp:attachment":[{"href":"https:\/\/www.other-news.info\/noticias\/wp-json\/wp\/v2\/media?parent=27340"}],"wp:term":[{"taxonomy":"category","embeddable":true,"href":"https:\/\/www.other-news.info\/noticias\/wp-json\/wp\/v2\/categories?post=27340"},{"taxonomy":"post_tag","embeddable":true,"href":"https:\/\/www.other-news.info\/noticias\/wp-json\/wp\/v2\/tags?post=27340"}],"curies":[{"name":"wp","href":"https:\/\/api.w.org\/{rel}","templated":true}]}}