{"id":27683,"date":"2026-09-03T17:16:49","date_gmt":"2026-09-03T15:16:49","guid":{"rendered":"https:\/\/www.other-news.info\/noticias\/?p=27683"},"modified":"2026-09-03T17:18:59","modified_gmt":"2026-09-03T15:18:59","slug":"ladrillo-a-ladrillo-desmantelar-la-cpi-y-el-estado-de-derecho","status":"publish","type":"post","link":"https:\/\/www.other-news.info\/noticias\/ladrillo-a-ladrillo-desmantelar-la-cpi-y-el-estado-de-derecho\/","title":{"rendered":"Ladrillo a ladrillo: Desmantelar la CPI y el Estado de derecho"},"content":{"rendered":"\n<p class=\"wp-block-paragraph\"><strong>Por L. Michael Hager* &#8211; Voces del Mundo**<\/strong><br><\/p>\n\n\n\n<p class=\"wp-block-paragraph\">Las denuncias del secretario de Estado Marco Rubio contra la Corte Penal Internacional (CPI) el pasado mes de julio no son m\u00e1s que las \u00faltimas amenazas de Estados Unidos contra ese \u00f3rgano judicial. En junio y julio de 1998, Estados Unidos particip\u00f3 en la redacci\u00f3n del Estatuto de Roma, por el que se cre\u00f3 la CPI. Sin embargo, Estados Unidos se neg\u00f3 a ratificar el Estatuto cuando entr\u00f3 en vigor en 2002. Estados Unidos sigue sin ser miembro de la Corte.<\/p>\n\n\n\n<p class=\"wp-block-paragraph\">La jurisdicci\u00f3n de la CPI se limita a los delitos que entran dentro de una de las cuatro categor\u00edas especificadas: genocidio, cr\u00edmenes contra la humanidad, cr\u00edmenes de guerra y agresi\u00f3n (el uso de la fuerza armada contra la soberan\u00eda o la independencia pol\u00edtica de otro Estado). Cabe se\u00f1alar tambi\u00e9n que la CPI juzga a personas f\u00edsicas, mientras que la jurisdicci\u00f3n de su tribunal hom\u00f3logo, la Corte Internacional de Justicia (CIJ, \u00abCorte Mundial\u00bb), solo admite casos interpuestos contra Estados.<\/p>\n\n\n\n<p class=\"wp-block-paragraph\">El presidente Trump y sus predecesores han temido que la soberan\u00eda de EE. UU. se viera menoscabada si un fiscal de la CPI pudiera actuar contra un ciudadano estadounidense en virtud de la disposici\u00f3n territorial del art\u00edculo 12 del Estatuto de Roma. De hecho, la Corte ya ha comenzado a investigar posibles cr\u00edmenes de guerra cometidos por miembros del ej\u00e9rcito estadounidense en Afganist\u00e1n.<\/p>\n\n\n\n<p class=\"wp-block-paragraph\">Debe se\u00f1alarse que cualquier gobierno puede eludir la jurisdicci\u00f3n de la CPI si juzga al acusado en sus propios tribunales.<\/p>\n\n\n\n<p class=\"wp-block-paragraph\">Ning\u00fan funcionario estadounidense ha arremetido contra la Corte Penal Internacional con tanta dureza como Marco Rubio. A mediados de julio de este a\u00f1o, Rubio amenaz\u00f3 en diversos foros con \u00abdesmantelar la CPI, ladrillo a ladrillo, si es necesario\u00bb.&nbsp; Tras tachar a la Corte de \u00abfarsa\u00bb y de instituci\u00f3n \u00abcorrupta y fatalmente politizada\u00bb, en agosto impuso nuevas sanciones econ\u00f3micas contra la presidenta de la Corte, la jueza Tomoko Akane, y el abogado principal Abdoulaye Seye.<\/p>\n\n\n\n<p class=\"wp-block-paragraph\">Esas sanciones, ya impuestas a 12 funcionarios de la Corte, bloquean la mayor\u00eda de las transacciones financieras personales, el uso de tarjetas de cr\u00e9dito y el acceso a cualquier activo ubicado en EE. UU. Adem\u00e1s, la presi\u00f3n de la administraci\u00f3n Trump sobre los Estados miembros ha provocado que al menos dos de los 125 miembros (Chad y Venezuela) se hayan retirado de la Corte.<\/p>\n\n\n\n<p class=\"wp-block-paragraph\">El art\u00edculo 12 del Estatuto de Roma es el motivo principal de la furia de Rubio.&nbsp; En efecto, dicho art\u00edculo define la denominada \u00abcompetencia territorial\u00bb como la que otorga a la Corte la autoridad para enjuiciar a ciudadanos individuales de un Estado no miembro si los presuntos delitos se cometieron en un Estado miembro. Esta fue la base jur\u00eddica que permiti\u00f3 al fiscal de la CPI emitir \u00f3rdenes de detenci\u00f3n contra el primer ministro Benjamin Netanyahu y su exministro de Defensa, Yoav Gallant, por cr\u00edmenes de guerra en Gaza; y contra los l\u00edderes de Ham\u00e1s (asesinados ya) por la masacre de civiles perpetrada el 7 de octubre en Israel.<\/p>\n\n\n\n<p class=\"wp-block-paragraph\">A pesar de sus en\u00e9rgicas objeciones a la CPI, la pol\u00edtica de EE. UU. ha sido algo incoherente. Ha prestado un apoyo limitado a la CPI en algunos casos concretos, como la investigaci\u00f3n de la Corte sobre la invasi\u00f3n del presidente Putin de Ucrania.<\/p>\n\n\n\n<p class=\"wp-block-paragraph\">Si las personas objeto de una orden de detenci\u00f3n de la CPI pueden ser detenidas en un pa\u00eds miembro, dicho pa\u00eds est\u00e1 obligado a ejecutar la orden de detenci\u00f3n y a remitir al acusado a juicio en La Haya.<\/p>\n\n\n\n<p class=\"wp-block-paragraph\">Aunque algunos juristas aceptan la postura de EE. UU. que limita la jurisdicci\u00f3n territorial del Estatuto de Roma, la mayor\u00eda de los Estados (principalmente los 123 Estados miembros actuales) no lo hacen. Cada uno de ellos est\u00e1 dispuesto a ceder una parte de su soberan\u00eda nacional a cambio de que se exijan responsabilidades a las personas que cometen cr\u00edmenes atroces que son ignorados por los tribunales de su propio pa\u00eds.<\/p>\n\n\n\n<p class=\"wp-block-paragraph\">La CPI ha logrado algunos \u00e9xitos notables a la hora de exigir responsabilidades penales a personas por atrocidades cometidas. Por ejemplo, la Corte ha procesado a personas de la Rep\u00fablica Democr\u00e1tica del Congo (RDC) y Uganda (ni\u00f1os soldado y cr\u00edmenes contra la humanidad), Mal\u00ed (destrucci\u00f3n de lugares del patrimonio cultural y religioso) y Sud\u00e1n (atrocidades en Darfur).<\/p>\n\n\n\n<p class=\"wp-block-paragraph\">Incluso jefes de Estado (entre ellos Putin, de Rusia; Omar al-Bashir, de Sud\u00e1n, y Netanyahu) han sido objeto de \u00f3rdenes de detenci\u00f3n de la CPI. La importancia de estos y otros procesos de la CPI radica en el precedente jur\u00eddico que sientan a la hora de exigir responsabilidades. El Estatuto de Roma no prev\u00e9 ninguna exenci\u00f3n para los l\u00edderes gubernamentales.<\/p>\n\n\n\n<p class=\"wp-block-paragraph\">La actuaci\u00f3n de EE. UU. contra la CPI es reflejo de un ataque m\u00e1s amplio contra las organizaciones internacionales. A pesar del papel protagonista de Estados Unidos en la creaci\u00f3n de muchas de ellas, el presidente Trump firm\u00f3 el 7 de enero de 2026 un decreto ejecutivo por el que Estados Unidos se retiraba de 31 organismos de la ONU y de 35 organizaciones ajenas a la ONU.<\/p>\n\n\n\n<p class=\"wp-block-paragraph\">Las retiradas de Estados Unidos de las Naciones Unidas incluyeron la Convenci\u00f3n sobre el Cambio Clim\u00e1tico (\u00abAcuerdo de Par\u00eds\u00bb), el Fondo de Poblaci\u00f3n de las Naciones Unidas, la Comisi\u00f3n de Derecho Internacional y varias comisiones econ\u00f3micas regionales.<\/p>\n\n\n\n<p class=\"wp-block-paragraph\">Aunque Estados Unidos sigue siendo miembro de la Organizaci\u00f3n Mundial del Comercio (OMC), ha tomado medidas para debilitar su autoridad en materia de cumplimiento (por ejemplo, bloqueando los nombramientos para su \u00f3rgano de apelaci\u00f3n) y cada vez hace menos caso de las normas fundamentales de la OMC (por ejemplo, en materia de aranceles y pago de cuotas).<\/p>\n\n\n\n<p class=\"wp-block-paragraph\">Una de las primeras medidas de Trump en su segundo mandato fue desmantelar casi por completo la Agencia de los Estados Unidos para el Desarrollo Internacional (USAID), el principal instrumento de la ayuda econ\u00f3mica estadounidense a los pa\u00edses en desarrollo.&nbsp; La interrupci\u00f3n brusca de sus programas contra el VIH y de ayuda alimentaria en \u00c1frica ha provocado un n\u00famero incalculable de muertes en Sud\u00e1frica, Sud\u00e1n y otros lugares.<\/p>\n\n\n\n<p class=\"wp-block-paragraph\">Como parte de sus ataques contra las organizaciones ajenas a la ONU que defienden el Estado de derecho a escala mundial, Trump retir\u00f3 la adhesi\u00f3n de larga data de Estados Unidos a la Organizaci\u00f3n Internacional para el Derecho del Desarrollo (IDLO, por sus siglas en ingl\u00e9s) en Roma, un organismo que yo mismo cofund\u00e9 y dirig\u00ed durante 17 a\u00f1os.<\/p>\n\n\n\n<p class=\"wp-block-paragraph\">La pol\u00edtica del \u00abAm\u00e9rica first\u00bb de Trump ha privado a Estados Unidos no solo de participar en las instituciones creadas tras la Segunda Guerra Mundial \u2014en cuya creaci\u00f3n contribuy\u00f3\u2014, sino tambi\u00e9n de desempe\u00f1ar un papel en la configuraci\u00f3n del nuevo orden mundial.<\/p>\n\n\n\n<p class=\"wp-block-paragraph\">Los ataques implacables de Marco Rubio contra la CPI reflejan su desd\u00e9n (y el del presidente Trump) hacia las organizaciones internacionales en general y hacia el Estado de derecho en particular. Sin embargo, la mayor\u00eda de los pa\u00edses, incluidos los miembros de la CPI, reconocen la importancia de contar con salvaguardias internacionales que protejan los derechos humanos.<\/p>\n\n\n\n<p class=\"wp-block-paragraph\">Cuando los Estados no logran enjuiciar a sus ciudadanos por los graves delitos mencionados anteriormente, solo la CPI puede garantizar la responsabilidad individual y promover el respeto global por el Estado de derecho.<\/p>\n\n\n\n<p class=\"wp-block-paragraph\"><em>*Cofundador y exdirector general de la Organizaci\u00f3n Internacional de Derecho para el Desarrollo, con sede en Roma.<\/em><\/p>\n\n\n\n<p class=\"wp-block-paragraph\"><em>**\u00a0Publicado originalmente en CounterPunch<\/em> <em>&#8211;<\/em> <em>Traducido del ingl\u00e9s por Sinfo Fern\u00e1ndez<\/em><\/p>\n","protected":false},"excerpt":{"rendered":"<p>El Secretario de Estado Marco Rubio intensifica amenazas contra la Corte Penal Internacional, imposando sanciones a funcionarios e impulsando retiros de miembros, reflejando el rechazo de la administraci\u00f3n Trump a organismos internacionales que podr\u00edan investigar a ciudadanos estadounidenses por cr\u00edmenes de guerra.<\/p>\n","protected":false},"author":2,"featured_media":27684,"comment_status":"closed","ping_status":"open","sticky":false,"template":"","format":"standard","meta":{"footnotes":""},"categories":[306],"tags":[],"class_list":["post-27683","post","type-post","status-publish","format-standard","has-post-thumbnail","hentry","category-multilateralismo-y-unilateralismo"],"yoast_head":"<!-- This site is optimized with the Yoast SEO plugin v16.7 - https:\/\/yoast.com\/wordpress\/plugins\/seo\/ -->\n<title>Ladrillo a ladrillo: Desmantelar la CPI y el Estado de derecho - Other News - Voz en contra de la corriente<\/title>\n<meta name=\"robots\" content=\"index, follow, max-snippet:-1, max-image-preview:large, max-video-preview:-1\" \/>\n<link rel=\"canonical\" href=\"https:\/\/www.other-news.info\/noticias\/ladrillo-a-ladrillo-desmantelar-la-cpi-y-el-estado-de-derecho\/\" \/>\n<meta property=\"og:locale\" content=\"es_ES\" \/>\n<meta property=\"og:type\" content=\"article\" \/>\n<meta property=\"og:title\" content=\"Ladrillo a ladrillo: Desmantelar la CPI y el Estado de derecho - Other News - Voz en contra de la corriente\" \/>\n<meta property=\"og:description\" content=\"El Secretario de Estado Marco Rubio intensifica amenazas contra la Corte Penal Internacional, imposando sanciones a funcionarios e impulsando retiros de miembros, reflejando el rechazo de la administraci\u00f3n Trump a organismos internacionales que podr\u00edan investigar a ciudadanos estadounidenses por cr\u00edmenes de guerra.\" \/>\n<meta property=\"og:url\" content=\"https:\/\/www.other-news.info\/noticias\/ladrillo-a-ladrillo-desmantelar-la-cpi-y-el-estado-de-derecho\/\" \/>\n<meta property=\"og:site_name\" content=\"Other News - Voz en contra de la corriente\" \/>\n<meta property=\"article:published_time\" content=\"2026-09-03T15:16:49+00:00\" \/>\n<meta property=\"article:modified_time\" content=\"2026-09-03T15:18:59+00:00\" \/>\n<meta property=\"og:image\" content=\"https:\/\/www.other-news.info\/noticias\/wp-content\/uploads\/2026\/09\/International_Criminal_Court_2018-scaled.jpg\" \/>\n\t<meta property=\"og:image:width\" content=\"2560\" \/>\n\t<meta property=\"og:image:height\" content=\"2560\" \/>\n<meta name=\"twitter:card\" content=\"summary_large_image\" \/>\n<meta name=\"twitter:label1\" content=\"Escrito por\" \/>\n\t<meta name=\"twitter:data1\" content=\"admin\" \/>\n\t<meta name=\"twitter:label2\" content=\"Tiempo de lectura\" \/>\n\t<meta name=\"twitter:data2\" content=\"7 minutos\" \/>\n<script type=\"application\/ld+json\" class=\"yoast-schema-graph\">{\"@context\":\"https:\/\/schema.org\",\"@graph\":[{\"@type\":\"WebSite\",\"@id\":\"https:\/\/www.other-news.info\/noticias\/#website\",\"url\":\"https:\/\/www.other-news.info\/noticias\/\",\"name\":\"Other News - Voz en contra de la corriente\",\"description\":\"Voz en contra de la corriente\",\"potentialAction\":[{\"@type\":\"SearchAction\",\"target\":{\"@type\":\"EntryPoint\",\"urlTemplate\":\"https:\/\/www.other-news.info\/noticias\/?s={search_term_string}\"},\"query-input\":\"required name=search_term_string\"}],\"inLanguage\":\"es\"},{\"@type\":\"ImageObject\",\"@id\":\"https:\/\/www.other-news.info\/noticias\/ladrillo-a-ladrillo-desmantelar-la-cpi-y-el-estado-de-derecho\/#primaryimage\",\"inLanguage\":\"es\",\"url\":\"https:\/\/www.other-news.info\/noticias\/wp-content\/uploads\/2026\/09\/International_Criminal_Court_2018-scaled.jpg\",\"contentUrl\":\"https:\/\/www.other-news.info\/noticias\/wp-content\/uploads\/2026\/09\/International_Criminal_Court_2018-scaled.jpg\",\"width\":2560,\"height\":2560,\"caption\":\"justflix \/ Wikimedia Commons (CC BY-SA 4.0)\"},{\"@type\":\"WebPage\",\"@id\":\"https:\/\/www.other-news.info\/noticias\/ladrillo-a-ladrillo-desmantelar-la-cpi-y-el-estado-de-derecho\/#webpage\",\"url\":\"https:\/\/www.other-news.info\/noticias\/ladrillo-a-ladrillo-desmantelar-la-cpi-y-el-estado-de-derecho\/\",\"name\":\"Ladrillo a ladrillo: Desmantelar la CPI y el Estado de derecho - Other News - Voz en contra de la corriente\",\"isPartOf\":{\"@id\":\"https:\/\/www.other-news.info\/noticias\/#website\"},\"primaryImageOfPage\":{\"@id\":\"https:\/\/www.other-news.info\/noticias\/ladrillo-a-ladrillo-desmantelar-la-cpi-y-el-estado-de-derecho\/#primaryimage\"},\"datePublished\":\"2026-09-03T15:16:49+00:00\",\"dateModified\":\"2026-09-03T15:18:59+00:00\",\"author\":{\"@id\":\"https:\/\/www.other-news.info\/noticias\/#\/schema\/person\/dd0ead9df8654b02034c4da003b9991b\"},\"breadcrumb\":{\"@id\":\"https:\/\/www.other-news.info\/noticias\/ladrillo-a-ladrillo-desmantelar-la-cpi-y-el-estado-de-derecho\/#breadcrumb\"},\"inLanguage\":\"es\",\"potentialAction\":[{\"@type\":\"ReadAction\",\"target\":[\"https:\/\/www.other-news.info\/noticias\/ladrillo-a-ladrillo-desmantelar-la-cpi-y-el-estado-de-derecho\/\"]}]},{\"@type\":\"BreadcrumbList\",\"@id\":\"https:\/\/www.other-news.info\/noticias\/ladrillo-a-ladrillo-desmantelar-la-cpi-y-el-estado-de-derecho\/#breadcrumb\",\"itemListElement\":[{\"@type\":\"ListItem\",\"position\":1,\"name\":\"Home\",\"item\":\"https:\/\/www.other-news.info\/noticias\/\"},{\"@type\":\"ListItem\",\"position\":2,\"name\":\"Ladrillo a ladrillo: Desmantelar la CPI y el Estado de derecho\"}]},{\"@type\":\"Person\",\"@id\":\"https:\/\/www.other-news.info\/noticias\/#\/schema\/person\/dd0ead9df8654b02034c4da003b9991b\",\"name\":\"admin\",\"image\":{\"@type\":\"ImageObject\",\"@id\":\"https:\/\/www.other-news.info\/noticias\/#personlogo\",\"inLanguage\":\"es\",\"url\":\"https:\/\/secure.gravatar.com\/avatar\/e67344401a27ff9f91b2b48296aaa8fb9186ac51a3404ed4bdfbe790b6a9ee11?s=96&d=mm&r=g\",\"contentUrl\":\"https:\/\/secure.gravatar.com\/avatar\/e67344401a27ff9f91b2b48296aaa8fb9186ac51a3404ed4bdfbe790b6a9ee11?s=96&d=mm&r=g\",\"caption\":\"admin\"},\"url\":\"https:\/\/www.other-news.info\/noticias\/author\/admin\/\"}]}<\/script>\n<!-- \/ Yoast SEO plugin. -->","yoast_head_json":{"title":"Ladrillo a ladrillo: Desmantelar la CPI y el Estado de derecho - Other News - Voz en contra de la corriente","robots":{"index":"index","follow":"follow","max-snippet":"max-snippet:-1","max-image-preview":"max-image-preview:large","max-video-preview":"max-video-preview:-1"},"canonical":"https:\/\/www.other-news.info\/noticias\/ladrillo-a-ladrillo-desmantelar-la-cpi-y-el-estado-de-derecho\/","og_locale":"es_ES","og_type":"article","og_title":"Ladrillo a ladrillo: Desmantelar la CPI y el Estado de derecho - Other News - Voz en contra de la corriente","og_description":"El Secretario de Estado Marco Rubio intensifica amenazas contra la Corte Penal Internacional, imposando sanciones a funcionarios e impulsando retiros de miembros, reflejando el rechazo de la administraci\u00f3n Trump a organismos internacionales que podr\u00edan investigar a ciudadanos estadounidenses por cr\u00edmenes de guerra.","og_url":"https:\/\/www.other-news.info\/noticias\/ladrillo-a-ladrillo-desmantelar-la-cpi-y-el-estado-de-derecho\/","og_site_name":"Other News - Voz en contra de la corriente","article_published_time":"2026-09-03T15:16:49+00:00","article_modified_time":"2026-09-03T15:18:59+00:00","og_image":[{"width":2560,"height":2560,"filesize":770452,"url":"https:\/\/www.other-news.info\/noticias\/wp-content\/uploads\/2026\/09\/International_Criminal_Court_2018-scaled.jpg","path":"\/home\/ancrabqe\/public_html\/noticias\/wp-content\/uploads\/2026\/09\/International_Criminal_Court_2018-scaled.jpg","size":"full","id":27684,"alt":"","pixels":6553600,"type":"image\/jpeg"}],"twitter_card":"summary_large_image","twitter_misc":{"Escrito por":"admin","Tiempo de lectura":"7 minutos"},"schema":{"@context":"https:\/\/schema.org","@graph":[{"@type":"WebSite","@id":"https:\/\/www.other-news.info\/noticias\/#website","url":"https:\/\/www.other-news.info\/noticias\/","name":"Other News - Voz en contra de la corriente","description":"Voz en contra de la corriente","potentialAction":[{"@type":"SearchAction","target":{"@type":"EntryPoint","urlTemplate":"https:\/\/www.other-news.info\/noticias\/?s={search_term_string}"},"query-input":"required name=search_term_string"}],"inLanguage":"es"},{"@type":"ImageObject","@id":"https:\/\/www.other-news.info\/noticias\/ladrillo-a-ladrillo-desmantelar-la-cpi-y-el-estado-de-derecho\/#primaryimage","inLanguage":"es","url":"https:\/\/www.other-news.info\/noticias\/wp-content\/uploads\/2026\/09\/International_Criminal_Court_2018-scaled.jpg","contentUrl":"https:\/\/www.other-news.info\/noticias\/wp-content\/uploads\/2026\/09\/International_Criminal_Court_2018-scaled.jpg","width":2560,"height":2560,"caption":"justflix \/ Wikimedia Commons (CC BY-SA 4.0)"},{"@type":"WebPage","@id":"https:\/\/www.other-news.info\/noticias\/ladrillo-a-ladrillo-desmantelar-la-cpi-y-el-estado-de-derecho\/#webpage","url":"https:\/\/www.other-news.info\/noticias\/ladrillo-a-ladrillo-desmantelar-la-cpi-y-el-estado-de-derecho\/","name":"Ladrillo a ladrillo: Desmantelar la CPI y el Estado de derecho - Other News - Voz en contra de la corriente","isPartOf":{"@id":"https:\/\/www.other-news.info\/noticias\/#website"},"primaryImageOfPage":{"@id":"https:\/\/www.other-news.info\/noticias\/ladrillo-a-ladrillo-desmantelar-la-cpi-y-el-estado-de-derecho\/#primaryimage"},"datePublished":"2026-09-03T15:16:49+00:00","dateModified":"2026-09-03T15:18:59+00:00","author":{"@id":"https:\/\/www.other-news.info\/noticias\/#\/schema\/person\/dd0ead9df8654b02034c4da003b9991b"},"breadcrumb":{"@id":"https:\/\/www.other-news.info\/noticias\/ladrillo-a-ladrillo-desmantelar-la-cpi-y-el-estado-de-derecho\/#breadcrumb"},"inLanguage":"es","potentialAction":[{"@type":"ReadAction","target":["https:\/\/www.other-news.info\/noticias\/ladrillo-a-ladrillo-desmantelar-la-cpi-y-el-estado-de-derecho\/"]}]},{"@type":"BreadcrumbList","@id":"https:\/\/www.other-news.info\/noticias\/ladrillo-a-ladrillo-desmantelar-la-cpi-y-el-estado-de-derecho\/#breadcrumb","itemListElement":[{"@type":"ListItem","position":1,"name":"Home","item":"https:\/\/www.other-news.info\/noticias\/"},{"@type":"ListItem","position":2,"name":"Ladrillo a ladrillo: Desmantelar la CPI y el Estado de derecho"}]},{"@type":"Person","@id":"https:\/\/www.other-news.info\/noticias\/#\/schema\/person\/dd0ead9df8654b02034c4da003b9991b","name":"admin","image":{"@type":"ImageObject","@id":"https:\/\/www.other-news.info\/noticias\/#personlogo","inLanguage":"es","url":"https:\/\/secure.gravatar.com\/avatar\/e67344401a27ff9f91b2b48296aaa8fb9186ac51a3404ed4bdfbe790b6a9ee11?s=96&d=mm&r=g","contentUrl":"https:\/\/secure.gravatar.com\/avatar\/e67344401a27ff9f91b2b48296aaa8fb9186ac51a3404ed4bdfbe790b6a9ee11?s=96&d=mm&r=g","caption":"admin"},"url":"https:\/\/www.other-news.info\/noticias\/author\/admin\/"}]}},"_links":{"self":[{"href":"https:\/\/www.other-news.info\/noticias\/wp-json\/wp\/v2\/posts\/27683","targetHints":{"allow":["GET"]}}],"collection":[{"href":"https:\/\/www.other-news.info\/noticias\/wp-json\/wp\/v2\/posts"}],"about":[{"href":"https:\/\/www.other-news.info\/noticias\/wp-json\/wp\/v2\/types\/post"}],"author":[{"embeddable":true,"href":"https:\/\/www.other-news.info\/noticias\/wp-json\/wp\/v2\/users\/2"}],"replies":[{"embeddable":true,"href":"https:\/\/www.other-news.info\/noticias\/wp-json\/wp\/v2\/comments?post=27683"}],"version-history":[{"count":1,"href":"https:\/\/www.other-news.info\/noticias\/wp-json\/wp\/v2\/posts\/27683\/revisions"}],"predecessor-version":[{"id":27685,"href":"https:\/\/www.other-news.info\/noticias\/wp-json\/wp\/v2\/posts\/27683\/revisions\/27685"}],"wp:featuredmedia":[{"embeddable":true,"href":"https:\/\/www.other-news.info\/noticias\/wp-json\/wp\/v2\/media\/27684"}],"wp:attachment":[{"href":"https:\/\/www.other-news.info\/noticias\/wp-json\/wp\/v2\/media?parent=27683"}],"wp:term":[{"taxonomy":"category","embeddable":true,"href":"https:\/\/www.other-news.info\/noticias\/wp-json\/wp\/v2\/categories?post=27683"},{"taxonomy":"post_tag","embeddable":true,"href":"https:\/\/www.other-news.info\/noticias\/wp-json\/wp\/v2\/tags?post=27683"}],"curies":[{"name":"wp","href":"https:\/\/api.w.org\/{rel}","templated":true}]}}